{"id":8394,"date":"2023-04-23T01:39:00","date_gmt":"2023-04-23T06:39:00","guid":{"rendered":"https:\/\/informebajio.com.mx\/?p=8394"},"modified":"2023-04-23T01:39:00","modified_gmt":"2023-04-23T06:39:00","slug":"impulsan-unidades-moviles-del-iqm","status":"publish","type":"post","link":"https:\/\/informebajio.com.mx\/?p=8394","title":{"rendered":"Impulsan unidades m\u00f3viles del IQM"},"content":{"rendered":"<div id=\"content-body-5851641-9945247\">\n<p>Se pretende que en cada una de las regiones del estado exista una <b>unidad m\u00f3vil del Instituto Queretano de las Mujeres<\/b> (IQM) con el prop\u00f3sito de generar un acercamiento y brindar <b>atenci\u00f3n psicol\u00f3gica y jur\u00eddica <\/b>a las <b><a href=\"https:\/\/www.elsoldesanjuandelrio.com.mx\/local\/van-200-mil-acciones-a-favor-de-las-mujeres-9265768.html\" target=\"_self\" rel=\"Follow noopener\">v\u00edctimas de alg\u00fan tipo de violencia<\/a><\/b>, dio a conocer la titular de esta dependencia estatal, Marisol Kuri Lorenzo.<\/p>\n<p>Refiri\u00f3 que habr\u00eda <b>cuatro unidades m\u00f3viles recorriendo las comunidades de la entidad,<\/b> cada una de ellas destinada a las regiones del estado que son la <b>Sierra Gorda, el Semidesierto, la Zona Metropolitana y la Segunda Zona Metropolitana<\/b>, donde se incluir\u00eda a municipios como San Juan del R\u00edo y Tequisquiapan.<\/p>\n<p>En ese sentido, detall\u00f3 que actualmente han iniciado labores en la Sierra Gorda con la primera unidad m\u00f3vil, en tanto <b>se espera que para este a\u00f1o pueda ser abierta la segunda unidad<\/b> de este tipo en la zona del Semi-desierto. Mientras que las dos faltantes ser\u00edan actividades en el transcurso de 2024. <\/p>\n<p><i>\u201cEstamos planeando que sean regionales. Primero establecimos la de la Sierra, estamos esperando que este a\u00f1o por lo menos podamos tener la del Semidesierto y para el pr\u00f3ximo a\u00f1o tengamos las otras dos, pero si se puede que en este mismo a\u00f1o sean tres regiones (\u2026). Ya est\u00e1 implementada la de la Sierra y estamos implementando todo para que por lo menos este a\u00f1o tengamos la otra que es la del Semidesierto\u201d<\/i>, coment\u00f3. <\/p>\n<p>Respecto a<b> la unidad que trabaja actualmente <\/b>en la parte norte del estado, dijo que esta <b>cuenta con tres abogadas, una psic\u00f3loga y una trabajadora social<\/b> para brindar <b>atenci\u00f3n a aquellas mujeres que pudieran ser violentadas<\/b> en alguna de las comunidades de regi\u00f3n del estado. A\u00f1adi\u00f3 que parte de los trabajos de es la representaci\u00f3n legal de las v\u00edctimas. A\u00f1adi\u00f3 que hasta el momento han tenido 22 representaciones legales. <\/p>\n<p>Agreg\u00f3 que durante el tercer trimestre de este a\u00f1o <b>se activar\u00e1 la unidad m\u00f3vil del Semidesierto<\/b>, la cual contar\u00eda con los mismos servicios que actualmente se ofrecen en la Sierra Gorda. <\/p>\n<p><b>\u27a1\ufe0f <\/b><a href=\"https:\/\/oem.us16.list-manage.com\/subscribe?u=c04a811ee61dc85305bf7133b&amp;id=f1b85ee5bb\"><b>Suscr\u00edbete a nuestro Newsletter y recibe las notas m\u00e1s relevantes en tu correo<\/b><\/a><b\/><\/p>\n<p><i>\u201cEsperamos que para el segundo o tercer trimestre ya tengamos la unidad m\u00f3vil del Semidesierto. Se est\u00e1 adaptando un van donde tenga tambi\u00e9n adentro donde atender a estas mujeres y se vayan igual a la comunidad con representaci\u00f3n legal, con abogadas, con trabajadoras sociales, con psic\u00f3logas\u201d, <\/i>dijo. <\/p>\n<p>Finalmente, detall\u00f3 que <b>durante el primer trimestre de 2023 <\/b>el Instituto Queretano de las Mujeres b<b>rind\u00f3 7 mil atenciones en diversos rubros.<\/b><\/p>\n<\/div>\n<p><script>(function(d, s, id) {\nvar js, fjs = d.getElementsByTagName(s)[0];\nif (d.getElementById(id)) return;\njs = d.createElement(s); js.id = id;\njs.src = 'https:\/\/connect.facebook.net\/es_LA\/sdk.js#xfbml=1&version=v3.2&appId=232029482016746&autoLogAppEvents=1';\nfjs.parentNode.insertBefore(js, fjs);\n}(document, 'script', 'facebook-jssdk'));\n<\/script><\/p>\n","protected":false},"excerpt":{"rendered":"<p>Se pretende que en cada una de las regiones del estado exista una unidad m\u00f3vil del Instituto Queretano de las Mujeres (IQM) con el prop\u00f3sito de generar un acercamiento y brindar atenci\u00f3n psicol\u00f3gica y jur\u00eddica a las v\u00edctimas de alg\u00fan tipo de violencia, dio a conocer la titular de esta dependencia estatal, Marisol Kuri Lorenzo. [&hellip;]<\/p>\n","protected":false},"author":2,"featured_media":8395,"comment_status":"","ping_status":"","sticky":false,"template":"","format":"standard","meta":{"_monsterinsights_skip_tracking":false,"_monsterinsights_sitenote_active":false,"_monsterinsights_sitenote_note":"","_monsterinsights_sitenote_category":0,"footnotes":""},"categories":[6],"tags":[],"class_list":["post-8394","post","type-post","status-publish","format-standard","has-post-thumbnail","hentry","category-san-juan-del-rio"],"_links":{"self":[{"href":"https:\/\/informebajio.com.mx\/index.php?rest_route=\/wp\/v2\/posts\/8394","targetHints":{"allow":["GET"]}}],"collection":[{"href":"https:\/\/informebajio.com.mx\/index.php?rest_route=\/wp\/v2\/posts"}],"about":[{"href":"https:\/\/informebajio.com.mx\/index.php?rest_route=\/wp\/v2\/types\/post"}],"author":[{"embeddable":true,"href":"https:\/\/informebajio.com.mx\/index.php?rest_route=\/wp\/v2\/users\/2"}],"replies":[{"embeddable":true,"href":"https:\/\/informebajio.com.mx\/index.php?rest_route=%2Fwp%2Fv2%2Fcomments&post=8394"}],"version-history":[{"count":0,"href":"https:\/\/informebajio.com.mx\/index.php?rest_route=\/wp\/v2\/posts\/8394\/revisions"}],"wp:featuredmedia":[{"embeddable":true,"href":"https:\/\/informebajio.com.mx\/index.php?rest_route=\/wp\/v2\/media\/8395"}],"wp:attachment":[{"href":"https:\/\/informebajio.com.mx\/index.php?rest_route=%2Fwp%2Fv2%2Fmedia&parent=8394"}],"wp:term":[{"taxonomy":"category","embeddable":true,"href":"https:\/\/informebajio.com.mx\/index.php?rest_route=%2Fwp%2Fv2%2Fcategories&post=8394"},{"taxonomy":"post_tag","embeddable":true,"href":"https:\/\/informebajio.com.mx\/index.php?rest_route=%2Fwp%2Fv2%2Ftags&post=8394"}],"curies":[{"name":"wp","href":"https:\/\/api.w.org\/{rel}","templated":true}]}}