{"id":8398,"date":"2023-04-23T03:38:53","date_gmt":"2023-04-23T08:38:53","guid":{"rendered":"https:\/\/informebajio.com.mx\/?p=8398"},"modified":"2023-04-23T03:38:53","modified_gmt":"2023-04-23T08:38:53","slug":"acusa-fgr-a-murillo-karam-de-delitos-de-lesa-humanidad","status":"publish","type":"post","link":"https:\/\/informebajio.com.mx\/?p=8398","title":{"rendered":"Acusa FGR a Murillo Karam de delitos de lesa humanidad"},"content":{"rendered":"<div id=\"content_nitf\">\n<p>La Fiscal\u00eda General de la Rep\u00fablica (FGR) acus\u00f3 al ex procurador Jes\u00fas Murillo Karam \u201cde formar parte de una empresa criminal\u201d que cometi\u00f3 \u201cdelitos de lesa humanidad\u201d y \u201cciment\u00f3 la verdad hist\u00f3rica en tortura y desaparici\u00f3n forzada\u201d en la indagatoria relacionada con la desaparici\u00f3n de los 43 normalistas de Ayotzinapa.<\/p>\n<p>Hasta el cierre de la edici\u00f3n segu\u00eda la audiencia y no se hab\u00eda definido la situaci\u00f3n jur\u00eddica de Murillo Karam, quien particip\u00f3 de manera virtual desde el Reclusorio Norte.<\/p>\n<p>Durante la audiencia, citada ayer en el Centro de Justicia de Penal Federal con sede en el Reclusorio Sur, la defensa de Murillo Karam pidi\u00f3 al juez Felipe de Jes\u00fas Delgadillo Padierna que no vincule a proceso al ex funcionario por los delitos de tortura, desaparici\u00f3n forzada y coalici\u00f3n de servidores p\u00fablicos, al indicar que el Ministerio P\u00fablico Federal no aporta ning\u00fan elemento de prueba que acredite que dio indicaciones para que se cometieran actos de tortura o violaciones a la ley en la investigaci\u00f3n del caso Ayotzinapa<\/p>\n<p>Seg\u00fan la tesis de los representantes de la FGR, durante la conferencia de prensa que Murillo Karam ofreci\u00f3 el 27 de enero de 2015, habr\u00eda dado \u201cindicaciones de manera secreta\u201d a Tom\u00e1s Zer\u00f3n y otros.<\/p>\n<p>En su argumentaci\u00f3n, los representantes de la FGR resaltaron que Felipe \u201cN\u201d, quien fue presentado como uno de los participantes en la desaparici\u00f3n de los 43 normalistas, fue una v\u00edctima de \u201cactos de tortura generalizada que se cometieron durante la investigaci\u00f3n\u201d.<\/p>\n<p>Asimismo, sostuvieron que se cometieron actos de tortura generalizada contra otros detenidos y se\u00f1alados como presuntos integrantes de <em>Guerreros Unidos<\/em>, y que aparecen en un video difundido durante la conferencia de prensa en la cual Murillo Karam hizo alusi\u00f3n a la llamada \u201cverdad hist\u00f3rica\u201d del caso Iguala.<\/p>\n<p>Los fiscales han afirmado que integrantes del Ej\u00e9rcito, miembros Centro de Investigaci\u00f3n y Seguridad Nacional (ahora denominado Centro Nacional de Inteligencia), Tom\u00e1s Zer\u00f3n y personal de la Polic\u00eda Federal Ministerial se coaligaron para cometer actos de lesa humanidad.<\/p>\n<p>De igual manera, se dio a conocer durante esta audiencia \u2013en la cual se definir\u00e1 si se vincula a segundo proceso a Murillo Karam\u2013 que las autoridades federales utilizaron el <em>malware Pegasus<\/em> para espiar a Felipe \u201cN\u201d y 14 de sus familiares, as\u00ed como aprehenderlo y acusarlo de ser presunto miembro de <em>Guerreros Unidos.<\/em> Actualmente, por la v\u00eda del amparo, fue absuelto de los cargos.<\/p>\n<p>El Ministerio P\u00fablico Federal inform\u00f3 que cuenta con m\u00e1s de 80 pruebas que acreditan la comisi\u00f3n de los delitos de desaparici\u00f3n forzada, tortura y coalici\u00f3n de servidores p\u00fablicos para que se instruya proceso penal contra el ex titular de la PGR.<\/p>\n<p>Entre las pruebas relevantes se encuentran las declaraciones del ex secretario particular de Tom\u00e1s Zer\u00f3n.<\/p>\n<\/div>\n<p><script>\n      !function(f,b,e,v,n,t,s)\n      {if(f.fbq)return;n=f.fbq=function(){n.callMethod?\n      n.callMethod.apply(n,arguments):n.queue.push(arguments)};\n      if(!f._fbq)f._fbq=n;n.push=n;n.loaded=!0;n.version='2.0';\n      n.queue=[];t=b.createElement(e);t.async=!0;\n      t.src=v;s=b.getElementsByTagName(e)[0];\n      s.parentNode.insertBefore(t,s)}(window, document,'script',\n      'https:\/\/connect.facebook.net\/en_US\/fbevents.js');\n      fbq('init', '133913093805922');\n      fbq('track', 'PageView');\n      fbq('track', 'Contact');\n      fbq('track', 'Donate');\n      fbq('track', 'FindLocation');\n      fbq('track', 'Lead');\n      fbq('track', 'Search');\n      fbq('track', 'Subscribe', {value: '0.00', currency: 'MXN', predicted_ltv: '0.00'});\n      fbq('track', 'ViewContent');\n    <\/script><script type=\"text\/javascript\">(function(d, s, id) {\n\t  var js, fjs = d.getElementsByTagName(s)[0];\n\t  if (d.getElementById(id)) return;\n\t  js = d.createElement(s); js.id = id;\n\t  js.src = \"\/\/connect.facebook.net\/es_LA\/sdk.js#xfbml=1&amp;version=v3.3&amp;appId=774389309362880\";\n\t  fjs.parentNode.insertBefore(js, fjs);\n\t}(document, 'script', 'facebook-jssdk'));<\/script><\/p>\n","protected":false},"excerpt":{"rendered":"<p>La Fiscal\u00eda General de la Rep\u00fablica (FGR) acus\u00f3 al ex procurador Jes\u00fas Murillo Karam \u201cde formar parte de una empresa criminal\u201d que cometi\u00f3 \u201cdelitos de lesa humanidad\u201d y \u201cciment\u00f3 la verdad hist\u00f3rica en tortura y desaparici\u00f3n forzada\u201d en la indagatoria relacionada con la desaparici\u00f3n de los 43 normalistas de Ayotzinapa. Hasta el cierre de la [&hellip;]<\/p>\n","protected":false},"author":2,"featured_media":8399,"comment_status":"","ping_status":"","sticky":false,"template":"","format":"standard","meta":{"_monsterinsights_skip_tracking":false,"_monsterinsights_sitenote_active":false,"_monsterinsights_sitenote_note":"","_monsterinsights_sitenote_category":0,"footnotes":""},"categories":[9],"tags":[],"class_list":["post-8398","post","type-post","status-publish","format-standard","has-post-thumbnail","hentry","category-deportes"],"_links":{"self":[{"href":"https:\/\/informebajio.com.mx\/index.php?rest_route=\/wp\/v2\/posts\/8398","targetHints":{"allow":["GET"]}}],"collection":[{"href":"https:\/\/informebajio.com.mx\/index.php?rest_route=\/wp\/v2\/posts"}],"about":[{"href":"https:\/\/informebajio.com.mx\/index.php?rest_route=\/wp\/v2\/types\/post"}],"author":[{"embeddable":true,"href":"https:\/\/informebajio.com.mx\/index.php?rest_route=\/wp\/v2\/users\/2"}],"replies":[{"embeddable":true,"href":"https:\/\/informebajio.com.mx\/index.php?rest_route=%2Fwp%2Fv2%2Fcomments&post=8398"}],"version-history":[{"count":0,"href":"https:\/\/informebajio.com.mx\/index.php?rest_route=\/wp\/v2\/posts\/8398\/revisions"}],"wp:featuredmedia":[{"embeddable":true,"href":"https:\/\/informebajio.com.mx\/index.php?rest_route=\/wp\/v2\/media\/8399"}],"wp:attachment":[{"href":"https:\/\/informebajio.com.mx\/index.php?rest_route=%2Fwp%2Fv2%2Fmedia&parent=8398"}],"wp:term":[{"taxonomy":"category","embeddable":true,"href":"https:\/\/informebajio.com.mx\/index.php?rest_route=%2Fwp%2Fv2%2Fcategories&post=8398"},{"taxonomy":"post_tag","embeddable":true,"href":"https:\/\/informebajio.com.mx\/index.php?rest_route=%2Fwp%2Fv2%2Ftags&post=8398"}],"curies":[{"name":"wp","href":"https:\/\/api.w.org\/{rel}","templated":true}]}}