{"id":8406,"date":"2023-04-23T03:43:32","date_gmt":"2023-04-23T08:43:32","guid":{"rendered":"https:\/\/informebajio.com.mx\/?p=8406"},"modified":"2023-04-23T03:43:32","modified_gmt":"2023-04-23T08:43:32","slug":"urge-participacion-de-universitarios-queretanos-en-retos-globales-embajadores","status":"publish","type":"post","link":"https:\/\/informebajio.com.mx\/?p=8406","title":{"rendered":"Urge participaci\u00f3n de universitarios queretanos en retos globales: Embajadores"},"content":{"rendered":"<div>\n<p>\u00a0<\/p>\n<p>La Uni\u00f3n Europea (UE) necesita que las y los universitarios de Quer\u00e9taro y M\u00e9xico tengan una participaci\u00f3n activa en la resoluci\u00f3n de los desaf\u00edos globales de transici\u00f3n verde, digital, inclusiva y en la lucha por un mundo pac\u00edfico, destac\u00f3 el embajador de la UE en M\u00e9xico, Gautier Mignot, durante el panel \u201cLos retos de la educaci\u00f3n en un mundo globalizado\u201d en la Universidad Polit\u00e9cnica de Quer\u00e9taro (UPQ).<\/p>\n<p>El rector de la UPQ, Carlos Contreras, resalt\u00f3 que a trav\u00e9s del Modelo de Formaci\u00f3n Dual, las y los alumnos acceden al conocimiento de pa\u00edses como los de la Uni\u00f3n Europea, que han marcado una l\u00ednea de crecimiento y estabilidad en el mundo.\u00a0<\/p>\n<p><!-- Composite Start --><\/p>\n<p><!-- Composite End --><\/p>\n<p>\u201cDebemos de voltear hacia donde las cosas est\u00e1n sucediendo para bien; adoptar los modelos de educaci\u00f3n superior que han marcado una l\u00ednea de crecimiento y estabilidad en el mundo como los de la Uni\u00f3n Europea y que esto se convierta en un trazo para nuestras universidades\u201d, remarc\u00f3.\u00a0<\/p>\n<p>En su turno, la representante del Gobierno del Estado de Quer\u00e9taro en la Ciudad de M\u00e9xico, Paloma Palacios, expres\u00f3 que la educaci\u00f3n debe centrarse en la construcci\u00f3n de conocimientos de una forma innovadora, din\u00e1mica y con un fuerte compromiso social.<\/p>\n<p>\u201cLas y los estudiantes queretanos enfrentan una competencia a nivel global que los obliga cada d\u00eda a estar mejor preparados. Es por eso que la educaci\u00f3n debe centrarse en la construcci\u00f3n de conocimientos de una forma innovadora, din\u00e1mica y con un fuerte compromiso social\u201d, asegur\u00f3.\u00a0<\/p>\n<p>Por otra parte, al ser cuestionado por las y los j\u00f3venes de la UPQ sobre c\u00f3mo disminuir conflictos como los hoy vividos entre Rusia y Ucrania, el embajador de M\u00e9xico en Suecia, Gunnar Alden, puntualiz\u00f3 que es necesario fortalecer los valores y respeto para formar ciudadanos que aporten a un mayor entendimiento entre pa\u00edses, lo que a su vez generar\u00e1 mayor cooperaci\u00f3n.<\/p>\n<p>En el evento tambi\u00e9n se cont\u00f3 con\u00a0la visita de los Embajadores de Austria, B\u00e9lgica, Bulgaria, Espa\u00f1a, Italia, Pa\u00edses Bajos y Portugal, adem\u00e1s de representantes de Alemania y Francia. As\u00ed como con el director general para la Uni\u00f3n Europea de la Secretar\u00eda de Relaciones Exteriores del Gobierno de M\u00e9xico, la coordinadora de Educaci\u00f3n Superior de la Secretar\u00eda de Educaci\u00f3n del Estado de Quer\u00e9taro y los rectores de la Universidad Tecnol\u00f3gica de Corregidora y de la Universidad Polit\u00e9cnica de Santa Rosa J\u00e1uregui.\u00a0<\/p>\n<p>\u00a0<\/p>\n<\/div>\n<p><\/p>\n","protected":false},"excerpt":{"rendered":"<p>\u00a0 La Uni\u00f3n Europea (UE) necesita que las y los universitarios de Quer\u00e9taro y M\u00e9xico tengan una participaci\u00f3n activa en la resoluci\u00f3n de los desaf\u00edos globales de transici\u00f3n verde, digital, inclusiva y en la lucha por un mundo pac\u00edfico, destac\u00f3 el embajador de la UE en M\u00e9xico, Gautier Mignot, durante el panel \u201cLos retos de [&hellip;]<\/p>\n","protected":false},"author":2,"featured_media":8407,"comment_status":"","ping_status":"","sticky":false,"template":"","format":"standard","meta":{"_monsterinsights_skip_tracking":false,"_monsterinsights_sitenote_active":false,"_monsterinsights_sitenote_note":"","_monsterinsights_sitenote_category":0,"footnotes":""},"categories":[4],"tags":[],"class_list":["post-8406","post","type-post","status-publish","format-standard","has-post-thumbnail","hentry","category-queretaro"],"_links":{"self":[{"href":"https:\/\/informebajio.com.mx\/index.php?rest_route=\/wp\/v2\/posts\/8406","targetHints":{"allow":["GET"]}}],"collection":[{"href":"https:\/\/informebajio.com.mx\/index.php?rest_route=\/wp\/v2\/posts"}],"about":[{"href":"https:\/\/informebajio.com.mx\/index.php?rest_route=\/wp\/v2\/types\/post"}],"author":[{"embeddable":true,"href":"https:\/\/informebajio.com.mx\/index.php?rest_route=\/wp\/v2\/users\/2"}],"replies":[{"embeddable":true,"href":"https:\/\/informebajio.com.mx\/index.php?rest_route=%2Fwp%2Fv2%2Fcomments&post=8406"}],"version-history":[{"count":0,"href":"https:\/\/informebajio.com.mx\/index.php?rest_route=\/wp\/v2\/posts\/8406\/revisions"}],"wp:featuredmedia":[{"embeddable":true,"href":"https:\/\/informebajio.com.mx\/index.php?rest_route=\/wp\/v2\/media\/8407"}],"wp:attachment":[{"href":"https:\/\/informebajio.com.mx\/index.php?rest_route=%2Fwp%2Fv2%2Fmedia&parent=8406"}],"wp:term":[{"taxonomy":"category","embeddable":true,"href":"https:\/\/informebajio.com.mx\/index.php?rest_route=%2Fwp%2Fv2%2Fcategories&post=8406"},{"taxonomy":"post_tag","embeddable":true,"href":"https:\/\/informebajio.com.mx\/index.php?rest_route=%2Fwp%2Fv2%2Ftags&post=8406"}],"curies":[{"name":"wp","href":"https:\/\/api.w.org\/{rel}","templated":true}]}}