{"id":8420,"date":"2023-04-23T08:48:37","date_gmt":"2023-04-23T13:48:37","guid":{"rendered":"https:\/\/informebajio.com.mx\/?p=8420"},"modified":"2023-04-23T08:48:37","modified_gmt":"2023-04-23T13:48:37","slug":"usebeq-fortalecera-protocolos-de-atencion-de-acoso-escolar","status":"publish","type":"post","link":"https:\/\/informebajio.com.mx\/?p=8420","title":{"rendered":"USEBEQ fortalecer\u00e1 protocolos de atenci\u00f3n de acoso escolar"},"content":{"rendered":"<div>\n<p class=\"Normal1\" style=\"text-align: justify; text-justify: inter-ideograph;\"><span lang=\"UZ-CYR\" style=\"font-size: 14.0pt; line-height: 115%;\">Diego Gonz\u00e1lez <\/span><\/p>\n<p class=\"Normal1\" style=\"text-align: justify; text-justify: inter-ideograph;\"><span lang=\"UZ-CYR\" style=\"font-size: 14.0pt; line-height: 115%;\">Noticias <\/span><\/p>\n<p class=\"Normal1\" style=\"text-align: justify; text-justify: inter-ideograph;\"><span lang=\"UZ-CYR\" style=\"font-size: 14.0pt; line-height: 115%;\">\u00a0<\/span><\/p>\n<p><!-- Composite Start --><\/p>\n<p><!-- Composite End --><\/p>\n<p class=\"Normal1\" style=\"text-align: justify; text-justify: inter-ideograph;\"><span lang=\"UZ-CYR\" style=\"font-size: 14.0pt; line-height: 115%;\">Luego de que El Instituto Nacional de Estad\u00edstica y Geograf\u00eda (INEGI) publicara en su portal que el estado de Quer\u00e9taro ocupa el primer lugar en temas de acoso escolar, Ra\u00fal Iturralde Olvera, coordinador de la Unidad de Servicios para la Educaci\u00f3n B\u00e1sica en el Estado (USEBEQ), inform\u00f3 que se fortalecer\u00e1n los protocolos de atenci\u00f3n de la problem\u00e1tica en todas las escuelas p\u00fablicas de educaci\u00f3n b\u00e1sica en la entidad.<\/span><\/p>\n<p class=\"Normal1\" style=\"text-align: justify; text-justify: inter-ideograph;\"><span lang=\"UZ-CYR\" style=\"font-size: 14.0pt; line-height: 115%;\">\u00a0<\/span><\/p>\n<p class=\"Normal1\" style=\"text-align: justify; text-justify: inter-ideograph;\"><span lang=\"UZ-CYR\" style=\"font-size: 14.0pt; line-height: 115%;\">El coordinador de la USEBEQ detall\u00f3 que es en el nivel de secundar\u00eda donde mayormente ocurren dichos casos y que regularmente est\u00e1n relacionados con temas de acoso cibern\u00e9tico, acoso verbal e inclusive enfrentamientos entre alumnos.<\/span><\/p>\n<p class=\"Normal1\" style=\"text-align: justify; text-justify: inter-ideograph;\"><span lang=\"UZ-CYR\" style=\"font-size: 14.0pt; line-height: 115%;\">\u00a0<\/span><\/p>\n<p class=\"Normal1\" style=\"text-align: justify; text-justify: inter-ideograph;\"><span lang=\"UZ-CYR\" style=\"font-size: 14.0pt; line-height: 115%;\">A\u00fan cuando dijo, los casos registrados por USEBEQ, son en dicho nivel escolar, Iturralde asegur\u00f3 que colaboran con maestros y consejos t\u00e9cnicos, a fin de dar soluci\u00f3n a la problem\u00e1tica y salvaguardar la integridad f\u00edsica y mental del alumnado en Quer\u00e9taro.<\/span><\/p>\n<p class=\"Normal1\" style=\"text-align: justify; text-justify: inter-ideograph;\"><span lang=\"UZ-CYR\" style=\"font-size: 14.0pt; line-height: 115%;\">\u00a0<\/span><\/p>\n<p class=\"Normal1\" style=\"text-align: justify; text-justify: inter-ideograph;\"><span lang=\"UZ-CYR\" style=\"font-size: 14.0pt; line-height: 115%;\">Asimismo, pidi\u00f3 a los padres de familia tener contacto cercano con los hijos, pues si bien, la autoridad educativa cumple con tratar y solucionar dichos casos de violencia, expres\u00f3 que son los padres quienes deben de estar atentos en las conductas de los menores, a fin de prevenir los casos en las aulas escolares.<\/span><\/p>\n<p class=\"Normal1\" style=\"text-align: justify; text-justify: inter-ideograph;\"><span lang=\"UZ-CYR\" style=\"font-size: 14.0pt; line-height: 115%;\">\u00a0<\/span><\/p>\n<p class=\"Normal1\" style=\"text-align: justify; text-justify: inter-ideograph;\"><span lang=\"UZ-CYR\" style=\"font-size: 14.0pt; line-height: 115%;\">\u201cLa sociedad debe unirse a estos esfuerzos porque el acoso escolar es reflejo de los problemas sociales. Nosotros tenemos el compromiso de dar soluci\u00f3n al tema por el bien de los alumnos. Seguiremos fortaleciendo los protocolos con los maestros y consejos t\u00e9cnicos de las escuelas\u201d.<\/span><\/p>\n<p class=\"Normal1\" style=\"text-align: justify; text-justify: inter-ideograph;\"><span lang=\"UZ-CYR\" style=\"font-size: 14.0pt; line-height: 115%;\">\u00a0<\/span><\/p>\n<p class=\"Normal1\" style=\"text-align: justify; text-justify: inter-ideograph;\"><span lang=\"UZ-CYR\" style=\"font-size: 14.0pt; line-height: 115%;\">Cabe recordar que, de acuerdo a la Encuesta Nacional Sobre la Din\u00e1mica de Relaciones en los Hogares ENDIREH 2021, publicada en agosto del 2022 por el INEGI, Quer\u00e9taro ocup\u00f3 el primer lugar, a nivel nacional respecto a \u00edndices de hostigamiento escolar con una prevalencia del 40.3 por ciento de mujeres que dijeron haber sido v\u00edctimas de violencia escolar.<\/span><\/p>\n<\/div>\n<p><\/p>\n","protected":false},"excerpt":{"rendered":"<p>Diego Gonz\u00e1lez Noticias \u00a0 Luego de que El Instituto Nacional de Estad\u00edstica y Geograf\u00eda (INEGI) publicara en su portal que el estado de Quer\u00e9taro ocupa el primer lugar en temas de acoso escolar, Ra\u00fal Iturralde Olvera, coordinador de la Unidad de Servicios para la Educaci\u00f3n B\u00e1sica en el Estado (USEBEQ), inform\u00f3 que se fortalecer\u00e1n los [&hellip;]<\/p>\n","protected":false},"author":2,"featured_media":8421,"comment_status":"","ping_status":"","sticky":false,"template":"","format":"standard","meta":{"_monsterinsights_skip_tracking":false,"_monsterinsights_sitenote_active":false,"_monsterinsights_sitenote_note":"","_monsterinsights_sitenote_category":0,"footnotes":""},"categories":[4],"tags":[],"class_list":["post-8420","post","type-post","status-publish","format-standard","has-post-thumbnail","hentry","category-queretaro"],"_links":{"self":[{"href":"https:\/\/informebajio.com.mx\/index.php?rest_route=\/wp\/v2\/posts\/8420","targetHints":{"allow":["GET"]}}],"collection":[{"href":"https:\/\/informebajio.com.mx\/index.php?rest_route=\/wp\/v2\/posts"}],"about":[{"href":"https:\/\/informebajio.com.mx\/index.php?rest_route=\/wp\/v2\/types\/post"}],"author":[{"embeddable":true,"href":"https:\/\/informebajio.com.mx\/index.php?rest_route=\/wp\/v2\/users\/2"}],"replies":[{"embeddable":true,"href":"https:\/\/informebajio.com.mx\/index.php?rest_route=%2Fwp%2Fv2%2Fcomments&post=8420"}],"version-history":[{"count":0,"href":"https:\/\/informebajio.com.mx\/index.php?rest_route=\/wp\/v2\/posts\/8420\/revisions"}],"wp:featuredmedia":[{"embeddable":true,"href":"https:\/\/informebajio.com.mx\/index.php?rest_route=\/wp\/v2\/media\/8421"}],"wp:attachment":[{"href":"https:\/\/informebajio.com.mx\/index.php?rest_route=%2Fwp%2Fv2%2Fmedia&parent=8420"}],"wp:term":[{"taxonomy":"category","embeddable":true,"href":"https:\/\/informebajio.com.mx\/index.php?rest_route=%2Fwp%2Fv2%2Fcategories&post=8420"},{"taxonomy":"post_tag","embeddable":true,"href":"https:\/\/informebajio.com.mx\/index.php?rest_route=%2Fwp%2Fv2%2Ftags&post=8420"}],"curies":[{"name":"wp","href":"https:\/\/api.w.org\/{rel}","templated":true}]}}