{"id":8426,"date":"2023-04-23T10:39:40","date_gmt":"2023-04-23T15:39:40","guid":{"rendered":"https:\/\/informebajio.com.mx\/?p=8426"},"modified":"2023-04-23T10:39:40","modified_gmt":"2023-04-23T15:39:40","slug":"dan-bienvenida-al-nuevo-director-de-facultad-de-derecho","status":"publish","type":"post","link":"https:\/\/informebajio.com.mx\/?p=8426","title":{"rendered":"Dan bienvenida al nuevo director de Facultad de Derecho"},"content":{"rendered":"<div id=\"content-body-225-9951197\">\n<p>Morelia, Michoac\u00e1n (OEM-Infomex).- Este viernes, autoridades a nivel estatal acudieron al 224 aniversario de la Instauraci\u00f3n de Derecho en Michoac\u00e1n, en la<b> Facultad de Derecho <\/b>de la <b>Universidad Michoacana de San Nicol\u00e1s de Hidalgo<\/b> (UMSNH) donde tambi\u00e9n dieron la <b>bienvenida<\/b> al nuevo director de dicha escuela, <b>Sergio Carmelo Dom\u00ednguez Mota. <\/b><\/p>\n<p>El doctor en Derecho recibi\u00f3 su nombramientos ayer jueves por la tarde, despu\u00e9s de la votaci\u00f3n del <b>Consejo Universitario<\/b>; durante el proceso de auscultaci\u00f3n <b>hubo tres aspirantes,<\/b> de los cuales, uno desisti\u00f3 y fue <b>Arist\u00f3teles Ochoa Torres<\/b>. La otra aspirante fue <b>Norma Lorena Far\u00edas. <\/b><\/p>\n<p>Al evento acudi\u00f3 como orador el gobernador <b>Alfredo Ram\u00edrez Bedolla<\/b>, quien record\u00f3 los actos m\u00e1s representativos en derecho que hicieron figuras como Melchor Ocampo y agreg\u00f3 que en Michoac\u00e1n seguir\u00e1n luchando por nuevas leyes y procesos vigentes. <\/p>\n<p>Previo a este acto, la rectora dio un recorrido por la preparatoria Jos\u00e9 Mar\u00eda Morelos y Pav\u00f3n, ubicada a un costado de la Facultad de Odontolog\u00eda, donde tambi\u00e9n dieron la bienvenida a la nueva directora Rosa Vanesa S\u00e1nchez.<\/p>\n<\/div>\n<p><script>(function(d, s, id) {\nvar js, fjs = d.getElementsByTagName(s)[0];\nif (d.getElementById(id)) return;\njs = d.createElement(s); js.id = id;\njs.src = 'https:\/\/connect.facebook.net\/es_LA\/sdk.js#xfbml=1&version=v3.2&appId=2304818722879035&autoLogAppEvents=1';\nfjs.parentNode.insertBefore(js, fjs);\n}(document, 'script', 'facebook-jssdk'));\n<\/script><\/p>\n","protected":false},"excerpt":{"rendered":"<p>Morelia, Michoac\u00e1n (OEM-Infomex).- Este viernes, autoridades a nivel estatal acudieron al 224 aniversario de la Instauraci\u00f3n de Derecho en Michoac\u00e1n, en la Facultad de Derecho de la Universidad Michoacana de San Nicol\u00e1s de Hidalgo (UMSNH) donde tambi\u00e9n dieron la bienvenida al nuevo director de dicha escuela, Sergio Carmelo Dom\u00ednguez Mota. El doctor en Derecho recibi\u00f3 [&hellip;]<\/p>\n","protected":false},"author":2,"featured_media":8427,"comment_status":"","ping_status":"","sticky":false,"template":"","format":"standard","meta":{"_monsterinsights_skip_tracking":false,"_monsterinsights_sitenote_active":false,"_monsterinsights_sitenote_note":"","_monsterinsights_sitenote_category":0,"footnotes":""},"categories":[7],"tags":[],"class_list":["post-8426","post","type-post","status-publish","format-standard","has-post-thumbnail","hentry","category-michoacan"],"_links":{"self":[{"href":"https:\/\/informebajio.com.mx\/index.php?rest_route=\/wp\/v2\/posts\/8426","targetHints":{"allow":["GET"]}}],"collection":[{"href":"https:\/\/informebajio.com.mx\/index.php?rest_route=\/wp\/v2\/posts"}],"about":[{"href":"https:\/\/informebajio.com.mx\/index.php?rest_route=\/wp\/v2\/types\/post"}],"author":[{"embeddable":true,"href":"https:\/\/informebajio.com.mx\/index.php?rest_route=\/wp\/v2\/users\/2"}],"replies":[{"embeddable":true,"href":"https:\/\/informebajio.com.mx\/index.php?rest_route=%2Fwp%2Fv2%2Fcomments&post=8426"}],"version-history":[{"count":0,"href":"https:\/\/informebajio.com.mx\/index.php?rest_route=\/wp\/v2\/posts\/8426\/revisions"}],"wp:featuredmedia":[{"embeddable":true,"href":"https:\/\/informebajio.com.mx\/index.php?rest_route=\/wp\/v2\/media\/8427"}],"wp:attachment":[{"href":"https:\/\/informebajio.com.mx\/index.php?rest_route=%2Fwp%2Fv2%2Fmedia&parent=8426"}],"wp:term":[{"taxonomy":"category","embeddable":true,"href":"https:\/\/informebajio.com.mx\/index.php?rest_route=%2Fwp%2Fv2%2Fcategories&post=8426"},{"taxonomy":"post_tag","embeddable":true,"href":"https:\/\/informebajio.com.mx\/index.php?rest_route=%2Fwp%2Fv2%2Ftags&post=8426"}],"curies":[{"name":"wp","href":"https:\/\/api.w.org\/{rel}","templated":true}]}}