{"id":8442,"date":"2023-04-23T13:55:47","date_gmt":"2023-04-23T18:55:47","guid":{"rendered":"https:\/\/informebajio.com.mx\/?p=8442"},"modified":"2023-04-23T13:55:47","modified_gmt":"2023-04-23T18:55:47","slug":"se-suma-usebeq-a-campana-si-te-drogas-te-danas","status":"publish","type":"post","link":"https:\/\/informebajio.com.mx\/?p=8442","title":{"rendered":"Se suma USEBEQ a campa\u00f1a \u201cSi te drogas te da\u00f1as\u201d"},"content":{"rendered":"<div>\n<p>Por Josefina Herrera<\/p>\n<p>Noticias<\/p>\n<p>\u00a0<\/p>\n<p><!-- Composite Start --><\/p>\n<p><!-- Composite End --><\/p>\n<p>El coordinador general de la Unidad de Servicios B\u00e1sicos para la Educaci\u00f3n en Quer\u00e9taro (USEBEQ), Ra\u00fal Iturralde Olvera, mencion\u00f3 que esta entidad se sum\u00f3 a la campa\u00f1a impulsada por la Secretar\u00eda de Educaci\u00f3n P\u00fablica (SEP), \u201cSi te drogas te da\u00f1as\u201d.<\/p>\n<p>Explic\u00f3 que en d\u00edas recientes fue anunciado por el gobernador del estado Mauricio Kuri, su inter\u00e9s para promover este programa en todas las instituciones educativas, ello con la finalidad de crear conciencia sobre los da\u00f1os que se generan por el consumo de sustancias t\u00f3xicas.<\/p>\n<p>Refiri\u00f3 que ya se ha estado entregando este material, y en el caso de San Juan del R\u00edo comenzaron a hacerlo desde esta semana pasada, pues la intenci\u00f3n es que tengan acceso lo m\u00e1s pronto posible.<\/p>\n<p>\u201cEs una campa\u00f1a que lanza el gobierno federal a trav\u00e9s de la Secretar\u00eda de Educaci\u00f3n P\u00fablica, que ya el lunes el gobernador Mauricio Kuri se pronunci\u00f3 y dijo que Quer\u00e9taro se sumaba a esa campa\u00f1a, desde luego que nosotros hemos estado en contacto con autoridades de la Secretar\u00eda de Educaci\u00f3n, ya recibimos los materiales, las gu\u00edas para trabajar esto, y entonces ahora lo que nos corresponde es distribuirlo, creo que esta semana comenzaba esa labor por parte de USEBEQ\u201d.<\/p>\n<p>El contenido de esta gu\u00eda va dirigido especialmente para informar a los j\u00f3venes, prevenirlos y alejarlos del consumo de las drogas, por lo tanto la participaci\u00f3n de los docentes tambi\u00e9n ser\u00e1 fundamental dentro del aula para que se cumpla el objetivo.<\/p>\n<p>Adem\u00e1s trabajar\u00e1n con ellos los jefes de sectores, supervisores y directores, as\u00ed como dentro de los Consejos T\u00e9cnicos Escolares para repartir toda la informaci\u00f3n necesaria.<\/p>\n<p>\u201cAh\u00ed vienen las gu\u00edas y los contenidos de c\u00f3mo vamos a trabajar, nosotros tenemos ya cuatro l\u00edneas espec\u00edficas para trabajarlas a trav\u00e9s de la subcoordinaci\u00f3n educativa, que es la parte de USEBEQ que est\u00e1 permanente, la coordinaci\u00f3n con estructura educativa, es decir los jefes de sector, supervisores y los directores de las escuelas para poder bajar la informaci\u00f3n, tambi\u00e9n seguiremos trabajando en los consejos t\u00e9cnicos escolares que por cierto el que corresponde este mes de abril se va a llevar a cabo el viernes 28. Esta campa\u00f1a va a dejar un beneficio enorme, y es que todos los maestros se van a involucrar, entonces yo creo que la informaci\u00f3n que puedan recibir y las l\u00edneas de manejo que se les puedan facilitar a los maestros pues va a ser de un beneficio y que va a permanecer\u201d.<\/p>\n<p>\u00a0<img loading=\"lazy\" decoding=\"async\" class=\"alignnone size-medium wp-image-596253\" src=\"https:\/\/cdn.noticiasdequeretaro.com.mx\/wp-content\/uploads\/2023\/04\/23121923\/Campa%C2%A7a-si-te-drogas-3-600x450.jpg\" alt=\"\" width=\"600\" height=\"450\" srcset=\"https:\/\/cdn.noticiasdequeretaro.com.mx\/wp-content\/uploads\/2023\/04\/23121923\/Campa%C2%A7a-si-te-drogas-3-600x450.jpg 600w, https:\/\/cdn.noticiasdequeretaro.com.mx\/wp-content\/uploads\/2023\/04\/23121923\/Campa%C2%A7a-si-te-drogas-3-1024x768.jpg 1024w, https:\/\/cdn.noticiasdequeretaro.com.mx\/wp-content\/uploads\/2023\/04\/23121923\/Campa%C2%A7a-si-te-drogas-3-300x225.jpg 300w, https:\/\/cdn.noticiasdequeretaro.com.mx\/wp-content\/uploads\/2023\/04\/23121923\/Campa%C2%A7a-si-te-drogas-3-768x576.jpg 768w, https:\/\/cdn.noticiasdequeretaro.com.mx\/wp-content\/uploads\/2023\/04\/23121923\/Campa%C2%A7a-si-te-drogas-3.jpg 1280w\" sizes=\"auto, (max-width: 600px) 100vw, 600px\"\/> <img loading=\"lazy\" decoding=\"async\" class=\"alignnone size-medium wp-image-596254\" src=\"https:\/\/cdn.noticiasdequeretaro.com.mx\/wp-content\/uploads\/2023\/04\/23121939\/Campa%C2%A7a-si-te-drogas-600x450.jpg\" alt=\"\" width=\"600\" height=\"450\" srcset=\"https:\/\/cdn.noticiasdequeretaro.com.mx\/wp-content\/uploads\/2023\/04\/23121939\/Campa%C2%A7a-si-te-drogas-600x450.jpg 600w, https:\/\/cdn.noticiasdequeretaro.com.mx\/wp-content\/uploads\/2023\/04\/23121939\/Campa%C2%A7a-si-te-drogas-1024x768.jpg 1024w, https:\/\/cdn.noticiasdequeretaro.com.mx\/wp-content\/uploads\/2023\/04\/23121939\/Campa%C2%A7a-si-te-drogas-300x225.jpg 300w, https:\/\/cdn.noticiasdequeretaro.com.mx\/wp-content\/uploads\/2023\/04\/23121939\/Campa%C2%A7a-si-te-drogas-768x576.jpg 768w, https:\/\/cdn.noticiasdequeretaro.com.mx\/wp-content\/uploads\/2023\/04\/23121939\/Campa%C2%A7a-si-te-drogas.jpg 1280w\" sizes=\"auto, (max-width: 600px) 100vw, 600px\"\/><\/p>\n<\/div>\n<p><\/p>\n","protected":false},"excerpt":{"rendered":"<p>Por Josefina Herrera Noticias \u00a0 El coordinador general de la Unidad de Servicios B\u00e1sicos para la Educaci\u00f3n en Quer\u00e9taro (USEBEQ), Ra\u00fal Iturralde Olvera, mencion\u00f3 que esta entidad se sum\u00f3 a la campa\u00f1a impulsada por la Secretar\u00eda de Educaci\u00f3n P\u00fablica (SEP), \u201cSi te drogas te da\u00f1as\u201d. Explic\u00f3 que en d\u00edas recientes fue anunciado por el gobernador [&hellip;]<\/p>\n","protected":false},"author":2,"featured_media":8443,"comment_status":"","ping_status":"","sticky":false,"template":"","format":"standard","meta":{"_monsterinsights_skip_tracking":false,"_monsterinsights_sitenote_active":false,"_monsterinsights_sitenote_note":"","_monsterinsights_sitenote_category":0,"footnotes":""},"categories":[4],"tags":[],"class_list":["post-8442","post","type-post","status-publish","format-standard","has-post-thumbnail","hentry","category-queretaro"],"_links":{"self":[{"href":"https:\/\/informebajio.com.mx\/index.php?rest_route=\/wp\/v2\/posts\/8442","targetHints":{"allow":["GET"]}}],"collection":[{"href":"https:\/\/informebajio.com.mx\/index.php?rest_route=\/wp\/v2\/posts"}],"about":[{"href":"https:\/\/informebajio.com.mx\/index.php?rest_route=\/wp\/v2\/types\/post"}],"author":[{"embeddable":true,"href":"https:\/\/informebajio.com.mx\/index.php?rest_route=\/wp\/v2\/users\/2"}],"replies":[{"embeddable":true,"href":"https:\/\/informebajio.com.mx\/index.php?rest_route=%2Fwp%2Fv2%2Fcomments&post=8442"}],"version-history":[{"count":0,"href":"https:\/\/informebajio.com.mx\/index.php?rest_route=\/wp\/v2\/posts\/8442\/revisions"}],"wp:featuredmedia":[{"embeddable":true,"href":"https:\/\/informebajio.com.mx\/index.php?rest_route=\/wp\/v2\/media\/8443"}],"wp:attachment":[{"href":"https:\/\/informebajio.com.mx\/index.php?rest_route=%2Fwp%2Fv2%2Fmedia&parent=8442"}],"wp:term":[{"taxonomy":"category","embeddable":true,"href":"https:\/\/informebajio.com.mx\/index.php?rest_route=%2Fwp%2Fv2%2Fcategories&post=8442"},{"taxonomy":"post_tag","embeddable":true,"href":"https:\/\/informebajio.com.mx\/index.php?rest_route=%2Fwp%2Fv2%2Ftags&post=8442"}],"curies":[{"name":"wp","href":"https:\/\/api.w.org\/{rel}","templated":true}]}}