{"id":8458,"date":"2023-04-23T19:42:47","date_gmt":"2023-04-24T00:42:47","guid":{"rendered":"https:\/\/informebajio.com.mx\/?p=8458"},"modified":"2023-04-23T19:42:47","modified_gmt":"2023-04-24T00:42:47","slug":"alistan-apoyo-para-migrantes","status":"publish","type":"post","link":"https:\/\/informebajio.com.mx\/?p=8458","title":{"rendered":"Alistan apoyo para migrantes"},"content":{"rendered":"<div id=\"content-body-5851641-9953901\">\n<p>Connacionales del municipio de San Juan del R\u00edo se tiene previsto que <b>participen en la caravana de verano <\/b>que se realizar\u00e1 este a\u00f1o para las pr\u00f3ximas semanas, dio a conocer la regidora de la comisi\u00f3n de Trabajadores Migrantes de la demarcaci\u00f3n, Fabiola P\u00e9rez Valenzuela.<\/p>\n<p>Para la realizaci\u00f3n de esta movilizaci\u00f3n, dijo que se llevar\u00e1n a cabo algunas reuniones con la <b>Asociaci\u00f3n Civil Migrantes Unidos en Caravana<\/b>, con la intenci\u00f3n de colaborar a trav\u00e9s de la comisi\u00f3n y difundir entre los integrantes de este sector poblacional, la movilizaci\u00f3n de veh\u00edculos durante las vacaciones de verano.<\/p>\n<p>Coment\u00f3 que la intenci\u00f3n es que la caravana coincida con el <b>operativo del Instituto Nacional de Migraci\u00f3n<\/b> (Inami), en estas fechas para fortalecer las medidas seguridad que se implementan para el tr\u00e1nsito de veh\u00edculos que salen de Estados Unidos rumbos a varios puntos del estado queretano y otras entidades circunvecinas. <\/p>\n<p><i>\u201cPlatique con el Ingeniero Fernando Rocha de Migrantes Unidos en Caravana y me coment\u00f3 que para verano si habr\u00e1 caravana, antes \u00fanicamente era de la diciembre y en verano nuevamente va a estar la caravana y bueno con este tipo de actividades nos ayuda a tener como una idea m\u00e1s de cuantos veh\u00edculos o cu\u00e1nta gente es la que viene de los municipios\u201d. <\/i><\/p>\n<p>Esta caravana se tiene prevista para la <b>segunda o tercera semana de junio, <\/b>por ello, en las pr\u00f3ximas semanas se realizar\u00e1n las mesas de trabajo con m\u00e1s \u00e1reas relacionadas con apoyo al migrante, con el fin de preparar la movilizaci\u00f3n de connacionales para las pr\u00f3ximas fechas. <\/p>\n<p><b id=\"docs-internal-guid-38c24153-7fff-9635-ca76-6ba5938e2ac8\"><b>\u27a1\ufe0f <\/b><a href=\"https:\/\/oem.us16.list-manage.com\/subscribe?u=c04a811ee61dc85305bf7133b&amp;id=f1b85ee5bb\"><b><u>Suscr\u00edbete a nuestro Newsletter y recibe las notas m\u00e1s relevantes en tu correo<\/u><\/b><\/a><\/b><\/p>\n<p><i>\u201cLo quieren empatar con el operativo que tiene Relaciones Exteriores o el Instituto Nacional de Migraci\u00f3n y no lo han podido empatar, me dec\u00eda que ser\u00eda en la segunda de junio, pero en Relaciones Exteriores har\u00e1n un cambio en el operativo precisamente por fechas de salida de escuela, pero seguramente ser\u00e1 en la segunda o tercera semana de junio\u201d.<\/i><\/p>\n<\/div>\n<p><script>(function(d, s, id) {\nvar js, fjs = d.getElementsByTagName(s)[0];\nif (d.getElementById(id)) return;\njs = d.createElement(s); js.id = id;\njs.src = 'https:\/\/connect.facebook.net\/es_LA\/sdk.js#xfbml=1&version=v3.2&appId=232029482016746&autoLogAppEvents=1';\nfjs.parentNode.insertBefore(js, fjs);\n}(document, 'script', 'facebook-jssdk'));\n<\/script><\/p>\n","protected":false},"excerpt":{"rendered":"<p>Connacionales del municipio de San Juan del R\u00edo se tiene previsto que participen en la caravana de verano que se realizar\u00e1 este a\u00f1o para las pr\u00f3ximas semanas, dio a conocer la regidora de la comisi\u00f3n de Trabajadores Migrantes de la demarcaci\u00f3n, Fabiola P\u00e9rez Valenzuela. Para la realizaci\u00f3n de esta movilizaci\u00f3n, dijo que se llevar\u00e1n a [&hellip;]<\/p>\n","protected":false},"author":2,"featured_media":8459,"comment_status":"","ping_status":"","sticky":false,"template":"","format":"standard","meta":{"_monsterinsights_skip_tracking":false,"_monsterinsights_sitenote_active":false,"_monsterinsights_sitenote_note":"","_monsterinsights_sitenote_category":0,"footnotes":""},"categories":[6],"tags":[],"class_list":["post-8458","post","type-post","status-publish","format-standard","has-post-thumbnail","hentry","category-san-juan-del-rio"],"_links":{"self":[{"href":"https:\/\/informebajio.com.mx\/index.php?rest_route=\/wp\/v2\/posts\/8458","targetHints":{"allow":["GET"]}}],"collection":[{"href":"https:\/\/informebajio.com.mx\/index.php?rest_route=\/wp\/v2\/posts"}],"about":[{"href":"https:\/\/informebajio.com.mx\/index.php?rest_route=\/wp\/v2\/types\/post"}],"author":[{"embeddable":true,"href":"https:\/\/informebajio.com.mx\/index.php?rest_route=\/wp\/v2\/users\/2"}],"replies":[{"embeddable":true,"href":"https:\/\/informebajio.com.mx\/index.php?rest_route=%2Fwp%2Fv2%2Fcomments&post=8458"}],"version-history":[{"count":0,"href":"https:\/\/informebajio.com.mx\/index.php?rest_route=\/wp\/v2\/posts\/8458\/revisions"}],"wp:featuredmedia":[{"embeddable":true,"href":"https:\/\/informebajio.com.mx\/index.php?rest_route=\/wp\/v2\/media\/8459"}],"wp:attachment":[{"href":"https:\/\/informebajio.com.mx\/index.php?rest_route=%2Fwp%2Fv2%2Fmedia&parent=8458"}],"wp:term":[{"taxonomy":"category","embeddable":true,"href":"https:\/\/informebajio.com.mx\/index.php?rest_route=%2Fwp%2Fv2%2Fcategories&post=8458"},{"taxonomy":"post_tag","embeddable":true,"href":"https:\/\/informebajio.com.mx\/index.php?rest_route=%2Fwp%2Fv2%2Ftags&post=8458"}],"curies":[{"name":"wp","href":"https:\/\/api.w.org\/{rel}","templated":true}]}}