{"id":8464,"date":"2023-04-23T23:43:51","date_gmt":"2023-04-24T04:43:51","guid":{"rendered":"https:\/\/informebajio.com.mx\/?p=8464"},"modified":"2023-04-23T23:43:51","modified_gmt":"2023-04-24T04:43:51","slug":"protesta-con-papas-y-huevos-contra-macron-es-reprimida","status":"publish","type":"post","link":"https:\/\/informebajio.com.mx\/?p=8464","title":{"rendered":"Protesta con papas y huevos contra Macron es reprimida"},"content":{"rendered":"<div id=\"content_nitf\">\n<p>Madrid. La ira social no disminuye en Francia, y las manifestaciones contra la pol\u00e9mica reforma al sistema de pensiones del presidente, el conservador Emmanuel Macron, contin\u00faan. Ayer, en el distrito financiero de La Defense, a las afueras de Par\u00eds, un centenar de manifestantes irrumpieron en la sede central de Euronext NV, el principal operador burs\u00e1til del mercado de valores del pa\u00eds, inform\u00f3 la prensa francesa.<\/p>\n<p>Como lo hicieron hace unas semanas al <em>tomar<\/em> las oficinas parisinas del fondo <em>buitre<\/em> estadunidese BlackRock, la ciudadan\u00eda francesa enfoca su malestar despu\u00e9s de varios meses en las grandes corporaciones que se benefician de los actuales criterios neoliberales de la administraci\u00f3n de Macron.<\/p>\n<p>Despu\u00e9s de que el Consejo Constitucional emitiera su dictamen favorable del proyecto de reforma, el mandatario anunci\u00f3 que no dar\u00eda marcha atr\u00e1s y que culminar\u00eda la nueva ley que marcar\u00e1 su segunda legislatura al frente de la presidencia del pa\u00eds. Ni siquiera las masivas y reiteradas movilizaciones, en las que ha habido hasta 12 manifestaciones nacionales y huelgas generales en s\u00f3lo cuatro meses, han hecho rectificar al presidente.<\/p>\n<p>Los trabajadores, los sindicatos y los estudiantes siguen con acciones en contra de la medida, con persistentes demostraciones de rechazo y ayer recorrieron el distrito financiero y, al pasar junto a la sede de Euronext NV, irrumpieron en las oficinas con bengalas y gritando consignas contra Macron.<\/p>\n<p>Fue un acto pac\u00edfico que duro menos de una hora, en el que los ciudadanos indignados llamaron la atenci\u00f3n de las autoridades para que \u201cbuscaran el dinero que necesitan para el sistema de pensiones en empresas como esta\u201d, dijo uno de ellos a la televisora p\u00fablica France24, que emiti\u00f3 la ocupaci\u00f3n en directo.<\/p>\n<p>Durante esta jornada, el presidente visit\u00f3 la localidad de Ganges, al norte de la sure\u00f1a ciudad de Montpellier, donde reconoci\u00f3 que \u201ces normal el malestar de la gente y que as\u00ed lo exprese, pero eso no me impedir\u00e1 seguir viajando por el pa\u00eds\u201d.<\/p>\n<p>As\u00ed respondi\u00f3 al recibimiento que le dio un grupo de personas que se concentr\u00f3 en el centro del pueblo con cacerolazos y \u201cpara lanzarle huevos y papas\u201d, indicaron.<\/p>\n<p>En la ma\u00f1ana, el prefecto de la zona prohibi\u00f3 los \u201cdispositivos sonoros port\u00e1tiles\u201d, por lo que los gendarmes confiscaron cacerolas a los manifestantes y los mantuvieron bastante alejados de la delegaci\u00f3n del presidente, usando incluso gas lacrim\u00f3geno, inform\u00f3 la agencia noticiosa Afp.<\/p>\n<p>\u201cLos huevos y las cacerolas sirven s\u00f3lo para cocinar en mi casa\u201d, coment\u00f3 Macron a su llegada durante una conversaci\u00f3n con el diputado izquierdista S\u00e9bastien Rome, quien le aseguraba que la \u201cresistencia\u201d estaba \u201cun poco m\u00e1s lejos\u201d, aunque \u201cno se la oyera\u201d.<\/p>\n<p>Adem\u00e1s, hubo un corte de electricidad en la escuela secundaria Louise Michel que el presidente visitaba, que fue reivindicado por miembros del sindicato Confederaci\u00f3n General del Trabajo.<\/p>\n<p>El mandatario ya fue acogido con abucheos y cacerolazos antier en la norte\u00f1a localidad de S\u00e9lestat, donde hab\u00eda reanudado sus visitas por Francia con el objetivo de defender su plan de 100 d\u00edas para superar esta crisis.<\/p>\n<\/div>\n<p><script>\n      !function(f,b,e,v,n,t,s)\n      {if(f.fbq)return;n=f.fbq=function(){n.callMethod?\n      n.callMethod.apply(n,arguments):n.queue.push(arguments)};\n      if(!f._fbq)f._fbq=n;n.push=n;n.loaded=!0;n.version='2.0';\n      n.queue=[];t=b.createElement(e);t.async=!0;\n      t.src=v;s=b.getElementsByTagName(e)[0];\n      s.parentNode.insertBefore(t,s)}(window, document,'script',\n      'https:\/\/connect.facebook.net\/en_US\/fbevents.js');\n      fbq('init', '133913093805922');\n      fbq('track', 'PageView');\n      fbq('track', 'Contact');\n      fbq('track', 'Donate');\n      fbq('track', 'FindLocation');\n      fbq('track', 'Lead');\n      fbq('track', 'Search');\n      fbq('track', 'Subscribe', {value: '0.00', currency: 'MXN', predicted_ltv: '0.00'});\n      fbq('track', 'ViewContent');\n    <\/script><script type=\"text\/javascript\">(function(d, s, id) {\n\t  var js, fjs = d.getElementsByTagName(s)[0];\n\t  if (d.getElementById(id)) return;\n\t  js = d.createElement(s); js.id = id;\n\t  js.src = \"\/\/connect.facebook.net\/es_LA\/sdk.js#xfbml=1&amp;version=v3.3&amp;appId=774389309362880\";\n\t  fjs.parentNode.insertBefore(js, fjs);\n\t}(document, 'script', 'facebook-jssdk'));<\/script><\/p>\n","protected":false},"excerpt":{"rendered":"<p>Madrid. La ira social no disminuye en Francia, y las manifestaciones contra la pol\u00e9mica reforma al sistema de pensiones del presidente, el conservador Emmanuel Macron, contin\u00faan. Ayer, en el distrito financiero de La Defense, a las afueras de Par\u00eds, un centenar de manifestantes irrumpieron en la sede central de Euronext NV, el principal operador burs\u00e1til [&hellip;]<\/p>\n","protected":false},"author":2,"featured_media":8465,"comment_status":"","ping_status":"","sticky":false,"template":"","format":"standard","meta":{"_monsterinsights_skip_tracking":false,"_monsterinsights_sitenote_active":false,"_monsterinsights_sitenote_note":"","_monsterinsights_sitenote_category":0,"footnotes":""},"categories":[9],"tags":[],"class_list":["post-8464","post","type-post","status-publish","format-standard","has-post-thumbnail","hentry","category-deportes"],"_links":{"self":[{"href":"https:\/\/informebajio.com.mx\/index.php?rest_route=\/wp\/v2\/posts\/8464","targetHints":{"allow":["GET"]}}],"collection":[{"href":"https:\/\/informebajio.com.mx\/index.php?rest_route=\/wp\/v2\/posts"}],"about":[{"href":"https:\/\/informebajio.com.mx\/index.php?rest_route=\/wp\/v2\/types\/post"}],"author":[{"embeddable":true,"href":"https:\/\/informebajio.com.mx\/index.php?rest_route=\/wp\/v2\/users\/2"}],"replies":[{"embeddable":true,"href":"https:\/\/informebajio.com.mx\/index.php?rest_route=%2Fwp%2Fv2%2Fcomments&post=8464"}],"version-history":[{"count":0,"href":"https:\/\/informebajio.com.mx\/index.php?rest_route=\/wp\/v2\/posts\/8464\/revisions"}],"wp:featuredmedia":[{"embeddable":true,"href":"https:\/\/informebajio.com.mx\/index.php?rest_route=\/wp\/v2\/media\/8465"}],"wp:attachment":[{"href":"https:\/\/informebajio.com.mx\/index.php?rest_route=%2Fwp%2Fv2%2Fmedia&parent=8464"}],"wp:term":[{"taxonomy":"category","embeddable":true,"href":"https:\/\/informebajio.com.mx\/index.php?rest_route=%2Fwp%2Fv2%2Fcategories&post=8464"},{"taxonomy":"post_tag","embeddable":true,"href":"https:\/\/informebajio.com.mx\/index.php?rest_route=%2Fwp%2Fv2%2Ftags&post=8464"}],"curies":[{"name":"wp","href":"https:\/\/api.w.org\/{rel}","templated":true}]}}