{"id":8476,"date":"2023-04-24T01:55:50","date_gmt":"2023-04-24T06:55:50","guid":{"rendered":"https:\/\/informebajio.com.mx\/?p=8476"},"modified":"2023-04-24T01:55:50","modified_gmt":"2023-04-24T06:55:50","slug":"capacitan-en-cultura-del-turismo-en-estado","status":"publish","type":"post","link":"https:\/\/informebajio.com.mx\/?p=8476","title":{"rendered":"Capacitan en cultura del turismo en estado"},"content":{"rendered":"<div id=\"content-body-5851641-9953981\">\n<p>Con la intenci\u00f3n de <b>elevar los est\u00e1ndares <\/b>en cuanto a la derrama econ\u00f3mica en el Estado de Quer\u00e9taro, de manera permanente se trabaja en la capacitaci\u00f3n en la prestaci\u00f3n de los servicios declar\u00f3 Adriana Vega V\u00e1zquez Mellado, secretar\u00eda de turismo en la entidad, al mencionar que, son una parte importante en la recuperaci\u00f3n.<\/p>\n<p>En entrevista puntualiz\u00f3 en que cada uno de los municipios cuenta con diferentes actividades econ\u00f3micas, las cuales est\u00e1n vinculadas al turismo, ya sea los <b>hoteles, casa de artesan\u00edas, turoperadoras, cines, plazas comerciales, restaurantes u otros giros que tienen interacci\u00f3n con quienes nos visitan.<\/b><\/p>\n<p>Por lo anterior, <b>consider\u00f3 prioritario no bajar la guardia en cuanto a mejorar el trato que se les da a los turistas y<\/b> fortalecer en cada una de las visitas, dar a conocer lo que significa Quer\u00e9taro, tomando en cuenta que es un estado que destaca por sus paseos coloniales y por lo interesante que resulta su historia.<\/p>\n<p><i>\u201cSiempre hacemos la recomendaci\u00f3n de tratar bien a nuestros turistas, ellos son la mejor carta de presentaci\u00f3n que tenemos cuando se acercan con sus familias, los periodos vacacionales vienen a ser interesantes cuando los mismos comercios ven retorna a clientes, y eso no es m\u00e1s que por el trato que se les dan\u201d.<\/i><\/p>\n<p>Otro de los factores que se est\u00e1n revisando es la de<b> incorporar m\u00e1s t\u00e9cnicas de dinamismo virtual <\/b>para que a trav\u00e9s de las redes sociales, los visitantes puedan vivir una experiencia buena antes de comprar alg\u00fan paquete tur\u00edstico y beneficiar a la gente que vive esencialmente de esta actividad.<\/p>\n<p>La funcionaria estatal se\u00f1al\u00f3 que apenas en este periodo de Semana Santa se vio que, <b>los turistas refieren a Quer\u00e9taro como un lugar tranquilo para visitar y recorrer cada uno de sus rincones desde el norte con la Sierra Gorda Queretana o el sur como lo es el Pueblo M\u00e1gico de Amealco, <\/b>quien ha conquistado por sus reservas naturales y lugares de alojamiento al aire libre como las caba\u00f1as.<\/p>\n<p><b id=\"docs-internal-guid-233de9e2-7fff-aedb-7d16-716dd80f80f6\"><b>\u27a1\ufe0f <\/b><a href=\"https:\/\/oem.us16.list-manage.com\/subscribe?u=c04a811ee61dc85305bf7133b&amp;id=f1b85ee5bb\"><b><u>Suscr\u00edbete a nuestro Newsletter y recibe las notas m\u00e1s relevantes en tu correo<\/u><\/b><\/a><\/b><\/p>\n<p>Ante ello expuso que lo que ahora corresponde es seguir bajo la din\u00e1mica de capacitar a los due\u00f1os y trabajadores que todos los sectores que tienen que ver con la llegada de turistas, y que a lo largo de su gesti\u00f3n no descansar\u00e1 en que diversos cursos puedan irse aterrizando de manera paulatina.<\/p>\n<\/div>\n<p><script>(function(d, s, id) {\nvar js, fjs = d.getElementsByTagName(s)[0];\nif (d.getElementById(id)) return;\njs = d.createElement(s); js.id = id;\njs.src = 'https:\/\/connect.facebook.net\/es_LA\/sdk.js#xfbml=1&version=v3.2&appId=232029482016746&autoLogAppEvents=1';\nfjs.parentNode.insertBefore(js, fjs);\n}(document, 'script', 'facebook-jssdk'));\n<\/script><\/p>\n","protected":false},"excerpt":{"rendered":"<p>Con la intenci\u00f3n de elevar los est\u00e1ndares en cuanto a la derrama econ\u00f3mica en el Estado de Quer\u00e9taro, de manera permanente se trabaja en la capacitaci\u00f3n en la prestaci\u00f3n de los servicios declar\u00f3 Adriana Vega V\u00e1zquez Mellado, secretar\u00eda de turismo en la entidad, al mencionar que, son una parte importante en la recuperaci\u00f3n. En entrevista [&hellip;]<\/p>\n","protected":false},"author":2,"featured_media":8477,"comment_status":"","ping_status":"","sticky":false,"template":"","format":"standard","meta":{"_monsterinsights_skip_tracking":false,"_monsterinsights_sitenote_active":false,"_monsterinsights_sitenote_note":"","_monsterinsights_sitenote_category":0,"footnotes":""},"categories":[6],"tags":[],"class_list":["post-8476","post","type-post","status-publish","format-standard","has-post-thumbnail","hentry","category-san-juan-del-rio"],"_links":{"self":[{"href":"https:\/\/informebajio.com.mx\/index.php?rest_route=\/wp\/v2\/posts\/8476","targetHints":{"allow":["GET"]}}],"collection":[{"href":"https:\/\/informebajio.com.mx\/index.php?rest_route=\/wp\/v2\/posts"}],"about":[{"href":"https:\/\/informebajio.com.mx\/index.php?rest_route=\/wp\/v2\/types\/post"}],"author":[{"embeddable":true,"href":"https:\/\/informebajio.com.mx\/index.php?rest_route=\/wp\/v2\/users\/2"}],"replies":[{"embeddable":true,"href":"https:\/\/informebajio.com.mx\/index.php?rest_route=%2Fwp%2Fv2%2Fcomments&post=8476"}],"version-history":[{"count":0,"href":"https:\/\/informebajio.com.mx\/index.php?rest_route=\/wp\/v2\/posts\/8476\/revisions"}],"wp:featuredmedia":[{"embeddable":true,"href":"https:\/\/informebajio.com.mx\/index.php?rest_route=\/wp\/v2\/media\/8477"}],"wp:attachment":[{"href":"https:\/\/informebajio.com.mx\/index.php?rest_route=%2Fwp%2Fv2%2Fmedia&parent=8476"}],"wp:term":[{"taxonomy":"category","embeddable":true,"href":"https:\/\/informebajio.com.mx\/index.php?rest_route=%2Fwp%2Fv2%2Fcategories&post=8476"},{"taxonomy":"post_tag","embeddable":true,"href":"https:\/\/informebajio.com.mx\/index.php?rest_route=%2Fwp%2Fv2%2Ftags&post=8476"}],"curies":[{"name":"wp","href":"https:\/\/api.w.org\/{rel}","templated":true}]}}