{"id":8492,"date":"2023-04-24T08:01:49","date_gmt":"2023-04-24T13:01:49","guid":{"rendered":"https:\/\/informebajio.com.mx\/?p=8492"},"modified":"2023-04-24T08:01:49","modified_gmt":"2023-04-24T13:01:49","slug":"presentan-actividades-para-promover-salud","status":"publish","type":"post","link":"https:\/\/informebajio.com.mx\/?p=8492","title":{"rendered":"Presentan actividades para promover salud"},"content":{"rendered":"<div id=\"content-body-5851641-9956020\">\n<p>El Consejo Directivo de la <b>Red Queretana de <a rel=\"Follow noopener\" target=\"_self\" href=\"https:\/\/www.elsoldesanjuandelrio.com.mx\/local\/continua-promocion-de-salud-por-municipios-9004879.html\">Municipios por la Salud<\/a> <\/b>llev\u00f3 a cabo su sesi\u00f3n ordinaria en el municipio de San Juan del R\u00edo, donde la directora de Estrategias y Desarrollo de Entornos Saludables de la Direcci\u00f3n General de Promoci\u00f3n de la Salud, de la Secretar\u00eda de Salud Federal, Luz Arlette Saavedra Romero, <b>present\u00f3 la Estrategia Nacional de Salud Escola<\/b>r.<\/p>\n<p> Ah\u00ed, resalt\u00f3 que <b>las escuelas son entornos clave para promover la salud y la actividad f\u00edsica<\/b>, a trav\u00e9s de educaci\u00f3n en materia de nutrici\u00f3n e hidrataci\u00f3n adecuada, por lo que es importante el contar con Escuelas Promotora de la Salud en donde se impulse la educaci\u00f3n con un enfoque integral, en donde se incluyen habilidades para la vida, as\u00ed como la creaci\u00f3n y mantenimiento de<b> ambientes saludables.<\/b><\/p>\n<p><b> Con la finalidad de disminuir riesgos para la salud<\/b>, la jefa del Departamento de Promoci\u00f3n y Fomento a la Salud, Dulce Mar\u00eda Arroyo Mart\u00ednez, explic\u00f3 la importancia de seguir <b>medidas preventivas para la temporada de calor<\/b> y para las enfermedades diarreicas agudas.<\/p>\n<p><i>\u201cEstamos registrando temperaturas elevadas, debemos de extremar precauci\u00f3n en cuanto a promover la poca exposici\u00f3n ante los rayos solares, sobre todo en el campo, en las escuelas, aunque aqu\u00ed ya contamos con algunas techumbres que favorece a las actividades al aire libre\u201d.<\/i><\/p>\n<p> Las actividades estuvieron coordinadas por las y los trabajadores de la <b>Secretar\u00eda de Salud <\/b>(SESA) del estado, participaron en la sesi\u00f3n el presidente Municipal de Huimilpan y coordinador de la Regi\u00f3n I de la Red Queretana de Municipios por la Salud <b>Juan Guzm\u00e1n Cabrera<\/b>; el presidente Municipal de San Juan del R\u00edo y coordinador de la Regi\u00f3n II de la Red, <b>Roberto Carlos Cabrera Valencia.<\/b><\/p>\n<p><b>\u27a1\ufe0f <\/b><a href=\"https:\/\/oem.us16.list-manage.com\/subscribe?u=c04a811ee61dc85305bf7133b&amp;id=f1b85ee5bb\"><b>Suscr\u00edbete a nuestro Newsletter y recibe las notas m\u00e1s relevantes en tu correo<\/b><\/a><b\/><\/p>\n<p> As\u00ed como la presidenta Municipal de Tolim\u00e1n y Coordinadora de la Regi\u00f3n III de la Red, Mar\u00eda Guadalupe Alc\u00e1ntara de Santiago; la presidenta Municipal de Arroyo Seco y Coordinadora de la Regi\u00f3n IV, Ofelia del Castillo Guill\u00e9n; el subdirector de Programas Prioritarios de SESEQ, Jes\u00fas Guti\u00e9rrez Mora; y el secretario de Desarrollo Humano y Social del municipio de Quer\u00e9taro, Arturo Torres Guti\u00e9rrez; entre otras personalidades.<\/p>\n<\/div>\n<p><script>(function(d, s, id) {\nvar js, fjs = d.getElementsByTagName(s)[0];\nif (d.getElementById(id)) return;\njs = d.createElement(s); js.id = id;\njs.src = 'https:\/\/connect.facebook.net\/es_LA\/sdk.js#xfbml=1&version=v3.2&appId=232029482016746&autoLogAppEvents=1';\nfjs.parentNode.insertBefore(js, fjs);\n}(document, 'script', 'facebook-jssdk'));\n<\/script><\/p>\n","protected":false},"excerpt":{"rendered":"<p>El Consejo Directivo de la Red Queretana de Municipios por la Salud llev\u00f3 a cabo su sesi\u00f3n ordinaria en el municipio de San Juan del R\u00edo, donde la directora de Estrategias y Desarrollo de Entornos Saludables de la Direcci\u00f3n General de Promoci\u00f3n de la Salud, de la Secretar\u00eda de Salud Federal, Luz Arlette Saavedra Romero, [&hellip;]<\/p>\n","protected":false},"author":2,"featured_media":8493,"comment_status":"","ping_status":"","sticky":false,"template":"","format":"standard","meta":{"_monsterinsights_skip_tracking":false,"_monsterinsights_sitenote_active":false,"_monsterinsights_sitenote_note":"","_monsterinsights_sitenote_category":0,"footnotes":""},"categories":[6],"tags":[],"class_list":["post-8492","post","type-post","status-publish","format-standard","has-post-thumbnail","hentry","category-san-juan-del-rio"],"_links":{"self":[{"href":"https:\/\/informebajio.com.mx\/index.php?rest_route=\/wp\/v2\/posts\/8492","targetHints":{"allow":["GET"]}}],"collection":[{"href":"https:\/\/informebajio.com.mx\/index.php?rest_route=\/wp\/v2\/posts"}],"about":[{"href":"https:\/\/informebajio.com.mx\/index.php?rest_route=\/wp\/v2\/types\/post"}],"author":[{"embeddable":true,"href":"https:\/\/informebajio.com.mx\/index.php?rest_route=\/wp\/v2\/users\/2"}],"replies":[{"embeddable":true,"href":"https:\/\/informebajio.com.mx\/index.php?rest_route=%2Fwp%2Fv2%2Fcomments&post=8492"}],"version-history":[{"count":0,"href":"https:\/\/informebajio.com.mx\/index.php?rest_route=\/wp\/v2\/posts\/8492\/revisions"}],"wp:featuredmedia":[{"embeddable":true,"href":"https:\/\/informebajio.com.mx\/index.php?rest_route=\/wp\/v2\/media\/8493"}],"wp:attachment":[{"href":"https:\/\/informebajio.com.mx\/index.php?rest_route=%2Fwp%2Fv2%2Fmedia&parent=8492"}],"wp:term":[{"taxonomy":"category","embeddable":true,"href":"https:\/\/informebajio.com.mx\/index.php?rest_route=%2Fwp%2Fv2%2Fcategories&post=8492"},{"taxonomy":"post_tag","embeddable":true,"href":"https:\/\/informebajio.com.mx\/index.php?rest_route=%2Fwp%2Fv2%2Ftags&post=8492"}],"curies":[{"name":"wp","href":"https:\/\/api.w.org\/{rel}","templated":true}]}}