{"id":8506,"date":"2023-04-24T14:30:50","date_gmt":"2023-04-24T19:30:50","guid":{"rendered":"https:\/\/informebajio.com.mx\/?p=8506"},"modified":"2023-04-24T14:30:50","modified_gmt":"2023-04-24T19:30:50","slug":"imm-fortalecera-lazos-con-empresas","status":"publish","type":"post","link":"https:\/\/informebajio.com.mx\/?p=8506","title":{"rendered":"IMM fortalecer\u00e1 lazos con empresas"},"content":{"rendered":"<div id=\"content-body-5851641-9955944\">\n<p><b>El Instituto Municipal de la Mujer<\/b> (IMM) tienen en puerta la <b>firma de dos convenios con empresas<\/b> asentadas en San Juan del R\u00edo, a trav\u00e9s de los cuales se<b> buscar\u00e1 capacitar <\/b>a la plantilla laboral en materia de <b>perspectiva g\u00e9nero<\/b>, as\u00ed como en temas relacionados a la prevenci\u00f3n de la<b> <a href=\"https:\/\/www.elsoldesanjuandelrio.com.mx\/local\/buscan-extender-programa-contra-el-acoso-sexual-9555026.html\" target=\"_self\" rel=\"Follow noopener\">violencia contra las mujeres<\/a><\/b>, dio a conocer la titular de esta dependencia municipal, M<b>ar\u00eda Guadalupe G\u00f3mez Rodr\u00edguez.<\/b><\/p>\n<p>Refiri\u00f3 que la firma de estos convenios permite un <b>acercamiento directo con las empresas,<\/b> a fin de <b>sensibilizar y concientizar a su personal sobre las pr\u00e1cticas y acciones que violentan a las mujeres<\/b>, adem\u00e1s de que se da la apertura para construir un entorno de igualdad de g\u00e9nero al interior de las organizaciones, donde el trato hacia mujeres y hombres sea sin distinci\u00f3n ni prejuicios. <\/p>\n<p>Detall\u00f3 que ambos convenios ya fueron aprobados por el Consejo del IMM, por lo que <b>se espera definir las fechas <\/b>para realizar la firma de ambos y con ello arrancar de manera formal las acciones que se contemplan al interior de las empresas. A\u00f1adi\u00f3 que se tiene un convenio m\u00e1s aprobado, por lo que la cifra de acuerdos en beneficio de las usuarias de la instancia ascender\u00eda a 30. <\/p>\n<p><i>\u201cTenemos ahorita aprobados por el Consejo del Instituto Municipal de la Mujer tres convenios. Ya est\u00e1n autorizados, falta nada m\u00e1s el poderlos formalizar ya con la firma de ambas partes. De esos tres, tenemos dos con empresas de aqu\u00ed de San Juan del R\u00edo, uno es con la empresa Morgan y otro con la Topre. Ambos van en el sentido de ir fortaleciendo a sus propias trabajadoras y trabajadores en temas de perspectiva de g\u00e9nero con capacitaciones\u201d,<\/i> coment\u00f3. <\/p>\n<p>Sobre la colaboraci\u00f3n que el IMM ha tenido con empresas, a principios de a\u00f1o <b>se sign\u00f3 un convenio con la Asociaci\u00f3n de Industriales<\/b> de San Juan del R\u00edo, a fin de crear sinergia conjunta con la intenci\u00f3n concientizar, prevenir y erradicar la violencia y discriminaci\u00f3n hacia las mujeres en las empresas que forman parte de este organismo empresarial. <\/p>\n<p>En aquella ocasi\u00f3n se destac\u00f3 que a trav\u00e9s de este convenio se acercar\u00edan <b>pl\u00e1ticas y talleres <\/b>para que las personas que laboran en las 70 organizaciones agremiadas al organismo empresarial tuvieran acceso a informaci\u00f3n que les permita reconocer los aspectos fundamentales sobre la<b> violencia de g\u00e9nero.<\/b><\/p>\n<p><b>\u27a1\ufe0f <\/b><a href=\"https:\/\/oem.us16.list-manage.com\/subscribe?u=c04a811ee61dc85305bf7133b&amp;id=f1b85ee5bb\"><b>Suscr\u00edbete a nuestro Newsletter y recibe las notas m\u00e1s relevantes en tu correo<\/b><\/a><b\/><\/p>\n<p>Por otra parte, detall\u00f3 que<b> el tercer convenio que est\u00e1 pr\u00f3ximo <\/b>a firmase est\u00e1 encaminado brindar<b> asesor\u00edas en temas de emprendimiento a mujeres<\/b>, as\u00ed como dar a conocer ofertas de empleo para que las usuarias del propio IMM puedan encontrar un trabajo formal en donde puedan desarrollarse y tener ingresos propios que permitan su econom\u00eda y la de sus familias. <\/p>\n<\/div>\n<p><script>(function(d, s, id) {\nvar js, fjs = d.getElementsByTagName(s)[0];\nif (d.getElementById(id)) return;\njs = d.createElement(s); js.id = id;\njs.src = 'https:\/\/connect.facebook.net\/es_LA\/sdk.js#xfbml=1&version=v3.2&appId=232029482016746&autoLogAppEvents=1';\nfjs.parentNode.insertBefore(js, fjs);\n}(document, 'script', 'facebook-jssdk'));\n<\/script><\/p>\n","protected":false},"excerpt":{"rendered":"<p>El Instituto Municipal de la Mujer (IMM) tienen en puerta la firma de dos convenios con empresas asentadas en San Juan del R\u00edo, a trav\u00e9s de los cuales se buscar\u00e1 capacitar a la plantilla laboral en materia de perspectiva g\u00e9nero, as\u00ed como en temas relacionados a la prevenci\u00f3n de la violencia contra las mujeres, dio [&hellip;]<\/p>\n","protected":false},"author":2,"featured_media":8507,"comment_status":"","ping_status":"","sticky":false,"template":"","format":"standard","meta":{"_monsterinsights_skip_tracking":false,"_monsterinsights_sitenote_active":false,"_monsterinsights_sitenote_note":"","_monsterinsights_sitenote_category":0,"footnotes":""},"categories":[6],"tags":[],"class_list":["post-8506","post","type-post","status-publish","format-standard","has-post-thumbnail","hentry","category-san-juan-del-rio"],"_links":{"self":[{"href":"https:\/\/informebajio.com.mx\/index.php?rest_route=\/wp\/v2\/posts\/8506","targetHints":{"allow":["GET"]}}],"collection":[{"href":"https:\/\/informebajio.com.mx\/index.php?rest_route=\/wp\/v2\/posts"}],"about":[{"href":"https:\/\/informebajio.com.mx\/index.php?rest_route=\/wp\/v2\/types\/post"}],"author":[{"embeddable":true,"href":"https:\/\/informebajio.com.mx\/index.php?rest_route=\/wp\/v2\/users\/2"}],"replies":[{"embeddable":true,"href":"https:\/\/informebajio.com.mx\/index.php?rest_route=%2Fwp%2Fv2%2Fcomments&post=8506"}],"version-history":[{"count":0,"href":"https:\/\/informebajio.com.mx\/index.php?rest_route=\/wp\/v2\/posts\/8506\/revisions"}],"wp:featuredmedia":[{"embeddable":true,"href":"https:\/\/informebajio.com.mx\/index.php?rest_route=\/wp\/v2\/media\/8507"}],"wp:attachment":[{"href":"https:\/\/informebajio.com.mx\/index.php?rest_route=%2Fwp%2Fv2%2Fmedia&parent=8506"}],"wp:term":[{"taxonomy":"category","embeddable":true,"href":"https:\/\/informebajio.com.mx\/index.php?rest_route=%2Fwp%2Fv2%2Fcategories&post=8506"},{"taxonomy":"post_tag","embeddable":true,"href":"https:\/\/informebajio.com.mx\/index.php?rest_route=%2Fwp%2Fv2%2Ftags&post=8506"}],"curies":[{"name":"wp","href":"https:\/\/api.w.org\/{rel}","templated":true}]}}