{"id":8512,"date":"2023-04-24T19:45:24","date_gmt":"2023-04-25T00:45:24","guid":{"rendered":"https:\/\/informebajio.com.mx\/?p=8512"},"modified":"2023-04-24T19:45:24","modified_gmt":"2023-04-25T00:45:24","slug":"los-ninos-son-los-invitados-especiales-de-la-15-fiesta-del-libro-y-la-rosa","status":"publish","type":"post","link":"https:\/\/informebajio.com.mx\/?p=8512","title":{"rendered":"Los ni\u00f1os son los invitados especiales de la 15 Fiesta del Libro y la Rosa"},"content":{"rendered":"<div id=\"content_nitf\">\n<p>La edici\u00f3n 15 de la Fiesta del Libro y la Rosa que comenz\u00f3 ayer en el Centro Cultural Universitario (CCU) de la Universidad Nacional Aut\u00f3noma de M\u00e9xico (UNAM) ofreci\u00f3 una novedad: un \u00e1rea totalmente dedicada a la literatura infantil. Adem\u00e1s, entre las 25 editoriales independientes que se dan cita, muchas de ellas se juntaron para ocupar un solo estand y cooperar para pagar los costos del espacio, \u201cque son muy altos\u201d, dijeron.<\/p>\n<p>Las autoridades universitarias esperan superar la cifra de asistentes del a\u00f1o pasado, que rond\u00f3 los 30 mil visitantes. Este viernes, despu\u00e9s del mediod\u00eda, el entusiasmo del p\u00fablico ya era visible. Sin embargo, libreros y organizadores coincidieron en se\u00f1alar que entre s\u00e1bado y domingo llegar\u00e1n los invitados de honor de este a\u00f1o: los ni\u00f1os.<\/p>\n<p>Faltaron las rosas, y las pocas que hab\u00eda estaban escondidas dentro de peque\u00f1os jarrones de cristal en los m\u00f3dulos de informaci\u00f3n o en las salas de presentaci\u00f3n; ninguna se reparti\u00f3. En cambio, en la fiesta s\u00f3lo se ofrecieron miles de libros, desde novelas, poes\u00eda y c\u00f3mics, hasta t\u00edtulos de temas como matem\u00e1ticas, antropolog\u00eda, f\u00edsica o historia.<\/p>\n<p>A la celebraci\u00f3n asistieron 107 editoriales, 27 expositores m\u00e1s de los que se presentaron en 2022, de acuerdo con Alejandro Villase\u00f1or, subdirector comercial de la Direcci\u00f3n General de Publicaciones y Fomento Editorial de la UNAM. Entre separadores, tazas, corbatas, papas y esquites se encontraban, por ejemplo, Grupo Planeta, con una oferta de alrededor de 2 mil 500 t\u00edtulos y 5 mil libros; el Fondo de Cultura Econ\u00f3mica (FCE), con entre 8 mil y 10 mil ejemplares y cerca de 400 t\u00edtulos, as\u00ed como Penguin Random House, con mil t\u00edtulos y poco m\u00e1s de 6 mil textos, informaron los encargados de esos sellos.<\/p>\n<p>Por otro lado, la editorial independiente mexicana Aquelarre (donde se agruparon Odo Ediciones, Sensacional de Escrituras, Una Habitaci\u00f3n Para Nosotras, Pal\u00edndroma y Aquelarre de Tinta), inform\u00f3 a <em>La Jornada<\/em> que deb\u00edan vender m\u00ednimo 10 libros diarios para recuperar la inversi\u00f3n que hicieron al pagar \u201cel alto costo\u201d de su m\u00f3dulo. Entre los t\u00edtulos que ofrecen se encuentran varios de tem\u00e1tica feminista y LGBT.<\/p>\n<p>En las \u00e1reas verdes del CCU se coloc\u00f3 a las editoriales dedicadas a la literatura infantil, acontecimiento \u00fanico desde la creaci\u00f3n del encuentro de la UNAM. Esta iniciativa se ide\u00f3 debido a que \u201cel a\u00f1o pasado ya hab\u00edamos recibido a algunas editoriales para ni\u00f1os y j\u00f3venes, pero estaban dispersas. Por lo que se pens\u00f3 que ser\u00eda m\u00e1s \u00fatil y l\u00f3gico encontrar los estands de manera m\u00e1s ordenada; si este a\u00f1o sale bien, el que viene seguiremos haci\u00e9ndolo\u201d, a\u00f1adi\u00f3 Villase\u00f1or.<\/p>\n<p>Entre los asistentes se encontraba un grupo de j\u00f3venes que con apoyo de un cartel escrito a mano ped\u00eda a otros visitantes recomendaciones de literatura latinoamericana contempor\u00e1nea. Tambi\u00e9n acudieron a la Fiesta del Libro y la Rosa decenas de lectores con bolsas de tela para cargar sus compras, entre ellas, la maestra de educaci\u00f3n especial Elena Velasco, quien se llev\u00f3 libros para ella y una buena cantidad para sus sobrinas y estudiantes.<\/p>\n<p>Autores como Claudia Pi\u00f1eiro, Margarita Dalton y Benito Taibo tuvieron oportunidad de convivir con sus lectores y celebrar \u201ceste encuentro hecho por universitarios que apela a las l\u00f3gicas que gu\u00edan nuestro actuar: la autonom\u00eda, la libertad y la generaci\u00f3n de conciencia cr\u00edtica\u201d, concluy\u00f3 el autor de <em>Persona normal.<\/em><\/p>\n<\/div>\n<p><script>\n      !function(f,b,e,v,n,t,s)\n      {if(f.fbq)return;n=f.fbq=function(){n.callMethod?\n      n.callMethod.apply(n,arguments):n.queue.push(arguments)};\n      if(!f._fbq)f._fbq=n;n.push=n;n.loaded=!0;n.version='2.0';\n      n.queue=[];t=b.createElement(e);t.async=!0;\n      t.src=v;s=b.getElementsByTagName(e)[0];\n      s.parentNode.insertBefore(t,s)}(window, document,'script',\n      'https:\/\/connect.facebook.net\/en_US\/fbevents.js');\n      fbq('init', '133913093805922');\n      fbq('track', 'PageView');\n      fbq('track', 'Contact');\n      fbq('track', 'Donate');\n      fbq('track', 'FindLocation');\n      fbq('track', 'Lead');\n      fbq('track', 'Search');\n      fbq('track', 'Subscribe', {value: '0.00', currency: 'MXN', predicted_ltv: '0.00'});\n      fbq('track', 'ViewContent');\n    <\/script><script type=\"text\/javascript\">(function(d, s, id) {\n\t  var js, fjs = d.getElementsByTagName(s)[0];\n\t  if (d.getElementById(id)) return;\n\t  js = d.createElement(s); js.id = id;\n\t  js.src = \"\/\/connect.facebook.net\/es_LA\/sdk.js#xfbml=1&amp;version=v3.3&amp;appId=774389309362880\";\n\t  fjs.parentNode.insertBefore(js, fjs);\n\t}(document, 'script', 'facebook-jssdk'));<\/script><\/p>\n","protected":false},"excerpt":{"rendered":"<p>La edici\u00f3n 15 de la Fiesta del Libro y la Rosa que comenz\u00f3 ayer en el Centro Cultural Universitario (CCU) de la Universidad Nacional Aut\u00f3noma de M\u00e9xico (UNAM) ofreci\u00f3 una novedad: un \u00e1rea totalmente dedicada a la literatura infantil. Adem\u00e1s, entre las 25 editoriales independientes que se dan cita, muchas de ellas se juntaron para [&hellip;]<\/p>\n","protected":false},"author":2,"featured_media":8513,"comment_status":"","ping_status":"","sticky":false,"template":"","format":"standard","meta":{"_monsterinsights_skip_tracking":false,"_monsterinsights_sitenote_active":false,"_monsterinsights_sitenote_note":"","_monsterinsights_sitenote_category":0,"footnotes":""},"categories":[9],"tags":[],"class_list":["post-8512","post","type-post","status-publish","format-standard","has-post-thumbnail","hentry","category-deportes"],"_links":{"self":[{"href":"https:\/\/informebajio.com.mx\/index.php?rest_route=\/wp\/v2\/posts\/8512","targetHints":{"allow":["GET"]}}],"collection":[{"href":"https:\/\/informebajio.com.mx\/index.php?rest_route=\/wp\/v2\/posts"}],"about":[{"href":"https:\/\/informebajio.com.mx\/index.php?rest_route=\/wp\/v2\/types\/post"}],"author":[{"embeddable":true,"href":"https:\/\/informebajio.com.mx\/index.php?rest_route=\/wp\/v2\/users\/2"}],"replies":[{"embeddable":true,"href":"https:\/\/informebajio.com.mx\/index.php?rest_route=%2Fwp%2Fv2%2Fcomments&post=8512"}],"version-history":[{"count":0,"href":"https:\/\/informebajio.com.mx\/index.php?rest_route=\/wp\/v2\/posts\/8512\/revisions"}],"wp:featuredmedia":[{"embeddable":true,"href":"https:\/\/informebajio.com.mx\/index.php?rest_route=\/wp\/v2\/media\/8513"}],"wp:attachment":[{"href":"https:\/\/informebajio.com.mx\/index.php?rest_route=%2Fwp%2Fv2%2Fmedia&parent=8512"}],"wp:term":[{"taxonomy":"category","embeddable":true,"href":"https:\/\/informebajio.com.mx\/index.php?rest_route=%2Fwp%2Fv2%2Fcategories&post=8512"},{"taxonomy":"post_tag","embeddable":true,"href":"https:\/\/informebajio.com.mx\/index.php?rest_route=%2Fwp%2Fv2%2Ftags&post=8512"}],"curies":[{"name":"wp","href":"https:\/\/api.w.org\/{rel}","templated":true}]}}