{"id":8586,"date":"2023-04-25T22:00:17","date_gmt":"2023-04-26T03:00:17","guid":{"rendered":"https:\/\/informebajio.com.mx\/?p=8586"},"modified":"2023-04-25T22:00:17","modified_gmt":"2023-04-26T03:00:17","slug":"afinan-rehabilitacion-de-adoquines-en-centro-historico-de-sjr","status":"publish","type":"post","link":"https:\/\/informebajio.com.mx\/?p=8586","title":{"rendered":"Afinan rehabilitaci\u00f3n de adoquines en Centro Hist\u00f3rico de SJR"},"content":{"rendered":"<div id=\"content-body-5851641-9965235\">\n<p><b>Para mejorar la movilidad de los peatones y circulantes<\/b> por los primeros cuadros <b>del <a href=\"https:\/\/www.elsoldesanjuandelrio.com.mx\/local\/concluyo-remodelacion-de-fuente-principal-8780893.html\" target=\"_self\" rel=\"Follow noopener\">Centro Hist\u00f3rico<\/a> de San Juan del R\u00edo<\/b>, en breve comenzar\u00e1n las acciones de <b>rehabilitaci\u00f3n de los adoquines <\/b>refiri\u00f3 Joaqu\u00edn Alfaro Reyes, secretario de <b>Servicios P\u00fablicos Municipales<\/b> en esta demarcaci\u00f3n.<\/p>\n<p>Puntualiz\u00f3 que desde hace algunas semanas<b> comenzaron en la calle Vicente Riva Palacio<\/b> y que posteriormente estar\u00e1n avanzando a las<b> inmediaciones del templo de Nuestra Se\u00f1ora de Guadalupe<\/b>, en donde tambi\u00e9n han reportado que los adoquines sufrieron desgaste por el paso del tiempo.<\/p>\n<p>En este sentido refiri\u00f3 que<b> es indispensable la colaboraci\u00f3n y tolerancia de las personas<\/b> para que mientras est\u00e1n haciendo las obras coadyuven <b>utilizando algunas v\u00edas alternas<\/b> o bien privilegiando el camino a pie, ya que son labores sentidas y muy necesarias.<\/p>\n<p><i>\u201cAhorita ya van a terminarlos de Obras en la calle de Palacio, pero tambi\u00e9n vamos por atr\u00e1s m\u00e1s no solo donde pasan los carros sino tambi\u00e9n por donde la gente pasa, es un encargo del presidente municipal de San Juan del R\u00edo, Roberto Cabrera, queremos tener un centro bonito, caminable y seguro\u201d. <\/i><\/p>\n<p>El funcionario hizo \u00e9nfasis en que estas tareas responden al compromiso de mejorar el tr\u00e1nsito por los primeros cuadros de San Juan, tomando en cuenta que es una de las<b> Ciudades Patrimonio con mayor historia<\/b> en esta regi\u00f3n del pa\u00eds, raz\u00f3n por la que, es necesario que se cuide y prevalezca. <\/p>\n<p><b>\u27a1\ufe0f <\/b><a href=\"https:\/\/oem.us16.list-manage.com\/subscribe?u=c04a811ee61dc85305bf7133b&amp;id=f1b85ee5bb\"><b>Suscr\u00edbete a nuestro Newsletter y recibe las notas m\u00e1s relevantes en tu correo<\/b><\/a><b\/><\/p>\n<p>Destac\u00f3 que la agenda que tiene esta dependencia gubernamental tambi\u00e9n atiende al frente que est\u00e1n haciendo en cuanto a tener <b>limpias las calles y avenidas<\/b>, sin embargo, consider\u00f3 que esto mucho depender\u00e1 de lo que haga la gente para tener limpias las arterias.<\/p>\n<\/div>\n<p><script>(function(d, s, id) {\nvar js, fjs = d.getElementsByTagName(s)[0];\nif (d.getElementById(id)) return;\njs = d.createElement(s); js.id = id;\njs.src = 'https:\/\/connect.facebook.net\/es_LA\/sdk.js#xfbml=1&version=v3.2&appId=232029482016746&autoLogAppEvents=1';\nfjs.parentNode.insertBefore(js, fjs);\n}(document, 'script', 'facebook-jssdk'));\n<\/script><\/p>\n","protected":false},"excerpt":{"rendered":"<p>Para mejorar la movilidad de los peatones y circulantes por los primeros cuadros del Centro Hist\u00f3rico de San Juan del R\u00edo, en breve comenzar\u00e1n las acciones de rehabilitaci\u00f3n de los adoquines refiri\u00f3 Joaqu\u00edn Alfaro Reyes, secretario de Servicios P\u00fablicos Municipales en esta demarcaci\u00f3n. Puntualiz\u00f3 que desde hace algunas semanas comenzaron en la calle Vicente Riva [&hellip;]<\/p>\n","protected":false},"author":2,"featured_media":8587,"comment_status":"","ping_status":"","sticky":false,"template":"","format":"standard","meta":{"_monsterinsights_skip_tracking":false,"_monsterinsights_sitenote_active":false,"_monsterinsights_sitenote_note":"","_monsterinsights_sitenote_category":0,"footnotes":""},"categories":[6],"tags":[],"class_list":["post-8586","post","type-post","status-publish","format-standard","has-post-thumbnail","hentry","category-san-juan-del-rio"],"_links":{"self":[{"href":"https:\/\/informebajio.com.mx\/index.php?rest_route=\/wp\/v2\/posts\/8586","targetHints":{"allow":["GET"]}}],"collection":[{"href":"https:\/\/informebajio.com.mx\/index.php?rest_route=\/wp\/v2\/posts"}],"about":[{"href":"https:\/\/informebajio.com.mx\/index.php?rest_route=\/wp\/v2\/types\/post"}],"author":[{"embeddable":true,"href":"https:\/\/informebajio.com.mx\/index.php?rest_route=\/wp\/v2\/users\/2"}],"replies":[{"embeddable":true,"href":"https:\/\/informebajio.com.mx\/index.php?rest_route=%2Fwp%2Fv2%2Fcomments&post=8586"}],"version-history":[{"count":0,"href":"https:\/\/informebajio.com.mx\/index.php?rest_route=\/wp\/v2\/posts\/8586\/revisions"}],"wp:featuredmedia":[{"embeddable":true,"href":"https:\/\/informebajio.com.mx\/index.php?rest_route=\/wp\/v2\/media\/8587"}],"wp:attachment":[{"href":"https:\/\/informebajio.com.mx\/index.php?rest_route=%2Fwp%2Fv2%2Fmedia&parent=8586"}],"wp:term":[{"taxonomy":"category","embeddable":true,"href":"https:\/\/informebajio.com.mx\/index.php?rest_route=%2Fwp%2Fv2%2Fcategories&post=8586"},{"taxonomy":"post_tag","embeddable":true,"href":"https:\/\/informebajio.com.mx\/index.php?rest_route=%2Fwp%2Fv2%2Ftags&post=8586"}],"curies":[{"name":"wp","href":"https:\/\/api.w.org\/{rel}","templated":true}]}}