{"id":8608,"date":"2023-04-26T03:54:26","date_gmt":"2023-04-26T08:54:26","guid":{"rendered":"https:\/\/informebajio.com.mx\/?p=8608"},"modified":"2023-04-26T03:54:26","modified_gmt":"2023-04-26T08:54:26","slug":"caravana-migrante-llega-a-huixtla-chiapas-sigue-esperando-dialogo","status":"publish","type":"post","link":"https:\/\/informebajio.com.mx\/?p=8608","title":{"rendered":"Caravana migrante llega a Huixtla, Chiapas; sigue esperando di\u00e1logo"},"content":{"rendered":"<div id=\"content_nitf\">\n<p><em>San Crist\u00f3bal de Las Casas, Chis.<\/em> Los migrantes que el domingo salieron en caravana de Tapachula arribaron esta ma\u00f1ana a Huixtla, en espera de que haya un di\u00e1logo con funcionarios del gobierno federal, inform\u00f3 Irineo M\u00fajica, director de la agrupaci\u00f3n Pueblo sin Frontera, organizador de la caminata.<\/p>\n<p>\u201cLa situaci\u00f3n se va a resolver, siempre ha habido di\u00e1logo, ahora no s\u00e9 cu\u00e1ndo, pero siento que s\u00ed. No se han negado, pero no han venido. Ayer se les hizo la petici\u00f3n\u201d, dijo.<\/p>\n<p>En entrevista colectiva a\u00f1adi\u00f3 que si para las 14 horas de este martes no se ha acordado la realizaci\u00f3n de un di\u00e1logo, varios migrantes protestar\u00edan costur\u00e1ndose los labios.<\/p>\n<p>\u201cA las 2 de la tarde tenemos una protesta de coserse los labios porque a veces no escuchan, hay sordera y burla porque dicen que es un pa\u00eds de puertas abiertas y persiguen a los migrantes como si fueran criminales\u201d, cuando al ingresar al pa\u00eds sin documentos s\u00f3lo cometen una falta administrativa, asever\u00f3.<\/p>\n<p>\u201cEs responsabilidad del gobierno\u201d resolver el problema de los migrantes, insisti\u00f3 el activista que cuenta con nacionalidad estadunidense y mexicana.<\/p>\n<p>Los migrantes, que llegaron a Huixtla durante la ma\u00f1ana despu\u00e9s de caminar sobre la autopista costera, alrededor de 15 kil\u00f3metros, procedentes de Huehuet\u00e1n, donde pernoctaron el lunes, se instalaron en un domo ubicado en la cabecera de ese municipio.<\/p>\n<p>El hondure\u00f1o Carlos Herrera coment\u00f3 que lleg\u00f3 a M\u00e9xico huyendo de las pandillas que operan en su pa\u00eds porque le cobraban un \u201cimpuesto de guerra y atentaron contra su vida el 9 de noviembre de 2022. Me andaban persiguiendo y a mi se\u00f1ora tambi\u00e9n; por eso nos vinimos juntos\u201d.<\/p>\n<p>Se\u00f1al\u00f3 que llevaban dos meses en Tapachula esperando que las autoridades migratorias les entregaran sus documentos para trasladarse la frontera norte de M\u00e9xico porque su objetivo es llegar a Estados Unidos.<\/p>\n<p>\u201cNos sumamos a la caravana porque en Tapachula no nos daban resultados, nos miraban con indiferencia, adem\u00e1s de que no hay trabajo y lo que queremos es seguir avanzando para llegar a Estados Unidos\u201d.<\/p>\n<p>Su compatriota Jos\u00e9 Rodr\u00edguez coment\u00f3 que \u201cha sido complicado caminar tres d\u00edas porque no hay ayuda del gobierno mexicano; ni agua le dan a la gente en el camino; van muchas mujeres con ni\u00f1os\u201d.<\/p>\n<p>Afirm\u00f3 que el objetivo de la mayor\u00eda de los migrantes es seguir hacia el vecino pa\u00eds del norte, no quedarse en M\u00e9xico. \u201cLa ruta de uno es Estados Unidos\u201d.<\/p>\n<p>Dijo que viaja con uno de sus hijos, pero su esposa, hijas, nietos, su mam\u00e1 y hermanos se quedaron en Honduras. \u201cEs dif\u00edcil separarse de la familia, pero todo es por querer triunfar en la vida\u201d, concluy\u00f3.<\/p>\n<\/div>\n<p><script>\n      !function(f,b,e,v,n,t,s)\n      {if(f.fbq)return;n=f.fbq=function(){n.callMethod?\n      n.callMethod.apply(n,arguments):n.queue.push(arguments)};\n      if(!f._fbq)f._fbq=n;n.push=n;n.loaded=!0;n.version='2.0';\n      n.queue=[];t=b.createElement(e);t.async=!0;\n      t.src=v;s=b.getElementsByTagName(e)[0];\n      s.parentNode.insertBefore(t,s)}(window, document,'script',\n      'https:\/\/connect.facebook.net\/en_US\/fbevents.js');\n      fbq('init', '133913093805922');\n      fbq('track', 'PageView');\n      fbq('track', 'Contact');\n      fbq('track', 'Donate');\n      fbq('track', 'FindLocation');\n      fbq('track', 'Lead');\n      fbq('track', 'Search');\n      fbq('track', 'Subscribe', {value: '0.00', currency: 'MXN', predicted_ltv: '0.00'});\n      fbq('track', 'ViewContent');\n    <\/script><script type=\"text\/javascript\">(function(d, s, id) {\n\t  var js, fjs = d.getElementsByTagName(s)[0];\n\t  if (d.getElementById(id)) return;\n\t  js = d.createElement(s); js.id = id;\n\t  js.src = \"\/\/connect.facebook.net\/es_LA\/sdk.js#xfbml=1&amp;version=v3.3&amp;appId=774389309362880\";\n\t  fjs.parentNode.insertBefore(js, fjs);\n\t}(document, 'script', 'facebook-jssdk'));<\/script><\/p>\n","protected":false},"excerpt":{"rendered":"<p>San Crist\u00f3bal de Las Casas, Chis. Los migrantes que el domingo salieron en caravana de Tapachula arribaron esta ma\u00f1ana a Huixtla, en espera de que haya un di\u00e1logo con funcionarios del gobierno federal, inform\u00f3 Irineo M\u00fajica, director de la agrupaci\u00f3n Pueblo sin Frontera, organizador de la caminata. \u201cLa situaci\u00f3n se va a resolver, siempre ha [&hellip;]<\/p>\n","protected":false},"author":2,"featured_media":8609,"comment_status":"","ping_status":"","sticky":false,"template":"","format":"standard","meta":{"_monsterinsights_skip_tracking":false,"_monsterinsights_sitenote_active":false,"_monsterinsights_sitenote_note":"","_monsterinsights_sitenote_category":0,"footnotes":""},"categories":[9],"tags":[],"class_list":["post-8608","post","type-post","status-publish","format-standard","has-post-thumbnail","hentry","category-deportes"],"_links":{"self":[{"href":"https:\/\/informebajio.com.mx\/index.php?rest_route=\/wp\/v2\/posts\/8608","targetHints":{"allow":["GET"]}}],"collection":[{"href":"https:\/\/informebajio.com.mx\/index.php?rest_route=\/wp\/v2\/posts"}],"about":[{"href":"https:\/\/informebajio.com.mx\/index.php?rest_route=\/wp\/v2\/types\/post"}],"author":[{"embeddable":true,"href":"https:\/\/informebajio.com.mx\/index.php?rest_route=\/wp\/v2\/users\/2"}],"replies":[{"embeddable":true,"href":"https:\/\/informebajio.com.mx\/index.php?rest_route=%2Fwp%2Fv2%2Fcomments&post=8608"}],"version-history":[{"count":0,"href":"https:\/\/informebajio.com.mx\/index.php?rest_route=\/wp\/v2\/posts\/8608\/revisions"}],"wp:featuredmedia":[{"embeddable":true,"href":"https:\/\/informebajio.com.mx\/index.php?rest_route=\/wp\/v2\/media\/8609"}],"wp:attachment":[{"href":"https:\/\/informebajio.com.mx\/index.php?rest_route=%2Fwp%2Fv2%2Fmedia&parent=8608"}],"wp:term":[{"taxonomy":"category","embeddable":true,"href":"https:\/\/informebajio.com.mx\/index.php?rest_route=%2Fwp%2Fv2%2Fcategories&post=8608"},{"taxonomy":"post_tag","embeddable":true,"href":"https:\/\/informebajio.com.mx\/index.php?rest_route=%2Fwp%2Fv2%2Ftags&post=8608"}],"curies":[{"name":"wp","href":"https:\/\/api.w.org\/{rel}","templated":true}]}}