{"id":8612,"date":"2023-04-26T04:06:04","date_gmt":"2023-04-26T09:06:04","guid":{"rendered":"https:\/\/informebajio.com.mx\/?p=8612"},"modified":"2023-04-26T04:06:04","modified_gmt":"2023-04-26T09:06:04","slug":"has-probado-las-tortillas-de-harina-de-sabor","status":"publish","type":"post","link":"https:\/\/informebajio.com.mx\/?p=8612","title":{"rendered":"\u00bfHas probado las tortillas de harina de sabor?"},"content":{"rendered":"<div id=\"content-body-5851641-9970062\">\n<p><b>Un alimento que no puede faltar en la mesa de las familias, son las tortillas<\/b>, y que mejor si se trata <b>de harina de trigo<\/b>, por ello, este producto con <b>toque especial con sabor a; chipotle, nopal, mantequilla o integral,<\/b> se puede conseguir en el <b><a rel=\"Follow noopener\" target=\"_self\" href=\"https:\/\/www.elsoldesanjuandelrio.com.mx\/local\/alistan-intervencion-al-mercado-reforma-9574116.html\">mercado Reforma<\/a><\/b> del municipio de San Juan del R\u00edo.<\/p>\n<p>De acuerdo al propietario del negocio que se ubica al interior del mercado sanjuanense, Ernesto Linares Garc\u00eda, <b>una gran variedad de sabor en las tortillas de harina se ofrece a los consumidores<\/b>, con la finalidad de consentir su paladar y para que conozcan de estos sabores, ya que <b>son elaboradas con productos 100 por ciento natural.<\/b><\/p>\n<p>Son 10 a\u00f1os de comercializar el producto en el tianguis dominical y cerca de 18 meses al interior del mercado en el \u00e1rea de carnicer\u00edas, con la intenci\u00f3n de que los consumidores degusten de esta variedad, cuyo <b>acompa\u00f1amiento puede ser con varios platillos <\/b>y qu\u00e9 mejor para una buena quesadilla.<\/p>\n<p><i>\u201cTengo tortillas de harina de nopal, chipotle, integral y de mantequilla, somos productores de las tortillas, no solo nos dedicamos a esto si no a elaborar y vender tambi\u00e9n quesos, pero las tortillas son un complemento perfecto por su sabor, tenemos tostaditas tambi\u00e9n de ma\u00edz quebrado con ajonjol\u00ed, en el tianguis del mercado Reforma ya tenemos como 10 a\u00f1os, pero dentro del mercado en el pasillo de las carnicer\u00edas, tenemos como a\u00f1o y medio\u201d.<\/i><\/p>\n<p>Dijo que aunque no es originario del municipio, desde hace muchos a\u00f1os<b> su familia comenz\u00f3 con el negocio en la localidad, <\/b>es por ello, que hoy es conocido por muchos sanjuanenses que buscan sus productos diario y m\u00e1s los fines de semana <b>para deleitarse con las tortillas de harina que ofrece.<\/b><\/p>\n<p><i>\u201cSe consumen bastante en San Juan del R\u00edo, el producto es muy bueno, es 100 por ciento natural, se elabora con puros ingredientes naturales, los clientes regresan cuando conocen nuestros productos, diario atendemos a los consumidores\u201d.<\/i><\/p>\n<p><b>\u27a1\ufe0f <\/b><a href=\"https:\/\/oem.us16.list-manage.com\/subscribe?u=c04a811ee61dc85305bf7133b&amp;id=f1b85ee5bb\"><b>Suscr\u00edbete a nuestro Newsletter y recibe las notas m\u00e1s relevantes en tu correo<\/b><\/a><b\/><\/p>\n<p><b>Diario <\/b>comienza con la vendimia<b> de las ocho de la ma\u00f1ana a las seis y media de la tarde<\/b> y <b>los domingos<\/b> \u00fanicamente <b>de las ocho de la ma\u00f1ana a las cinco y media de la tarde<\/b>, por lo que el paquete de tortillas es variable, <b>el tama\u00f1o tradicional a 25 pesos<\/b> y las que son un poco <b>m\u00e1s grandes, a 30 pesos.<\/b><\/p>\n<\/div>\n<p><script>(function(d, s, id) {\nvar js, fjs = d.getElementsByTagName(s)[0];\nif (d.getElementById(id)) return;\njs = d.createElement(s); js.id = id;\njs.src = 'https:\/\/connect.facebook.net\/es_LA\/sdk.js#xfbml=1&version=v3.2&appId=232029482016746&autoLogAppEvents=1';\nfjs.parentNode.insertBefore(js, fjs);\n}(document, 'script', 'facebook-jssdk'));\n<\/script><\/p>\n","protected":false},"excerpt":{"rendered":"<p>Un alimento que no puede faltar en la mesa de las familias, son las tortillas, y que mejor si se trata de harina de trigo, por ello, este producto con toque especial con sabor a; chipotle, nopal, mantequilla o integral, se puede conseguir en el mercado Reforma del municipio de San Juan del R\u00edo. De [&hellip;]<\/p>\n","protected":false},"author":2,"featured_media":8613,"comment_status":"","ping_status":"","sticky":false,"template":"","format":"standard","meta":{"_monsterinsights_skip_tracking":false,"_monsterinsights_sitenote_active":false,"_monsterinsights_sitenote_note":"","_monsterinsights_sitenote_category":0,"footnotes":""},"categories":[6],"tags":[],"class_list":["post-8612","post","type-post","status-publish","format-standard","has-post-thumbnail","hentry","category-san-juan-del-rio"],"_links":{"self":[{"href":"https:\/\/informebajio.com.mx\/index.php?rest_route=\/wp\/v2\/posts\/8612","targetHints":{"allow":["GET"]}}],"collection":[{"href":"https:\/\/informebajio.com.mx\/index.php?rest_route=\/wp\/v2\/posts"}],"about":[{"href":"https:\/\/informebajio.com.mx\/index.php?rest_route=\/wp\/v2\/types\/post"}],"author":[{"embeddable":true,"href":"https:\/\/informebajio.com.mx\/index.php?rest_route=\/wp\/v2\/users\/2"}],"replies":[{"embeddable":true,"href":"https:\/\/informebajio.com.mx\/index.php?rest_route=%2Fwp%2Fv2%2Fcomments&post=8612"}],"version-history":[{"count":0,"href":"https:\/\/informebajio.com.mx\/index.php?rest_route=\/wp\/v2\/posts\/8612\/revisions"}],"wp:featuredmedia":[{"embeddable":true,"href":"https:\/\/informebajio.com.mx\/index.php?rest_route=\/wp\/v2\/media\/8613"}],"wp:attachment":[{"href":"https:\/\/informebajio.com.mx\/index.php?rest_route=%2Fwp%2Fv2%2Fmedia&parent=8612"}],"wp:term":[{"taxonomy":"category","embeddable":true,"href":"https:\/\/informebajio.com.mx\/index.php?rest_route=%2Fwp%2Fv2%2Fcategories&post=8612"},{"taxonomy":"post_tag","embeddable":true,"href":"https:\/\/informebajio.com.mx\/index.php?rest_route=%2Fwp%2Fv2%2Ftags&post=8612"}],"curies":[{"name":"wp","href":"https:\/\/api.w.org\/{rel}","templated":true}]}}