{"id":8624,"date":"2023-04-26T10:18:35","date_gmt":"2023-04-26T15:18:35","guid":{"rendered":"https:\/\/informebajio.com.mx\/?p=8624"},"modified":"2023-04-26T10:18:35","modified_gmt":"2023-04-26T15:18:35","slug":"uaq-abona-propuesta-hidrica","status":"publish","type":"post","link":"https:\/\/informebajio.com.mx\/?p=8624","title":{"rendered":"UAQ abona propuesta h\u00eddrica\u00a0"},"content":{"rendered":"<div id=\"content-body-5851641-9957891\">\n<p><b>Ni es cr\u00edtica pol\u00edtica ni motivo de confrontaci\u00f3n<\/b>, afirm\u00f3 la rectora de la Universidad Aut\u00f3noma de Quer\u00e9taro (UAQ), Teresa Garc\u00eda Gasca, en torno al libro \u201cPautas para la regulaci\u00f3n h\u00eddrica. Desde los enfoques de Derechos Humanos y Sustentabilidad\u201d, cuyo \u00fanico fin es colaborar en la generaci\u00f3n de una<b> Ley de Aguas<\/b> que sea ejemplo a nivel nacional, de cara al estr\u00e9s h\u00eddrico que vive el pa\u00eds.<\/p>\n<p><i>\u201cLamento much\u00edsimo que no haya ning\u00fan miembro de la Legislatura local y que tampoco haya un representante del Gobierno Estatal, yo entiendo que hay cosas de agenda, muchos compromisos, por eso intentamos avisar con el mayor tiempo posible, pero en realidad el mensaje para el gobierno es en un sentido de colaboraci\u00f3n y de alianza\u201d, <\/i>afirm\u00f3 la tambi\u00e9n coautora de esta edici\u00f3n.<\/p>\n<p> Durante la presentaci\u00f3n del texto, frente a expertos en la materia, representantes de la sociedad civil y directivos universitarios, la Rectora destac\u00f3 que este producto <b>es totalmente ciudadano y subray\u00f3 que el estado de Quer\u00e9taro tiene voces autorizadas para hablar del tema,<\/b> no solo porque pueden hablar de las problem\u00e1ticas sino porque tienen propuestas de soluci\u00f3n.<\/p>\n<p><i> \u201cTenemos que empezar a construir una Ley de Aguas en Quer\u00e9taro y \u00bfa qui\u00e9n le toca? Le toca al Gobierno, pero queremos participar. Creo que el Gobierno de Quer\u00e9taro tiene la gran ventaja de contar con una sociedad muy participativa, muy preocupada, queremos hacer algo que valga la pena para nuestro estado y no porque queramos opinar de todo\u201d,<\/i> enfatiz\u00f3 Garc\u00eda Gasca.<\/p>\n<p> En este protocolo, la Rectora entreg\u00f3 de forma simb\u00f3lica una copia impresa de este documento al titular de Planeaci\u00f3n Estrat\u00e9gica, Lic. Juan Gerardo Ortiz L\u00f3pez de la Comisi\u00f3n Estatal de Aguas (CEA).<\/p>\n<p> El libro fue elaborado por expertas y expertos de diferentes instituciones, entre estas: facultades de la propia UAQ, el Centro de Geociencias de la Universidad Nacional Aut\u00f3noma de M\u00e9xico (UNAM), Bajo Tierra Museo del Agua, el Centro Regional de Capacitaci\u00f3n en Cuencas y el Observatorio Ciudadano para la Protecci\u00f3n Ambiental en Quer\u00e9taro. Est\u00e1 dividido en seis cap\u00edtulos: \u201cContexto local\u201d; \u201cRegulaci\u00f3n h\u00eddrica: dos enfoques\u201d; \u201cPautas para la conservaci\u00f3n: aseguramiento de las fuentes h\u00eddricas\u201d; \u201cPautas para el acceso equitativo: suministro para uso y consumo humano\u201d; \u201cPautas para la prevenci\u00f3n de riesgos y conflictos\u201d; y \u201cRumbo a un modelo de gesti\u00f3n sustentable y equitativo del agua\u201d.<\/p>\n<p><b id=\"docs-internal-guid-8059e03a-7fff-8d14-292f-4deaca447648\"><b>\u27a1\ufe0f <\/b><a href=\"https:\/\/oem.us16.list-manage.com\/subscribe?u=c04a811ee61dc85305bf7133b&amp;id=f1b85ee5bb\"><b><u>Suscr\u00edbete a nuestro Newsletter y recibe las notas m\u00e1s relevantes en tu correo<\/u><\/b><\/a><\/b><\/p>\n<p>Tambi\u00e9n tom\u00f3 la voz el coordinador de Agua para Todxs, Pedro Moctezuma Barrag\u00e1n, quien afirm\u00f3 que una de las cualidades de este libro es que <b>cuenta con enfoque localizado en el territorio <\/b>y es, justamente, este enfoque integral el que permite soluciones inmediatas a nivel del hogar, a nivel de una comunidad, de una microcuenca, de una subcuenca y de una cuenca.<\/p>\n<\/div>\n<p><script>(function(d, s, id) {\nvar js, fjs = d.getElementsByTagName(s)[0];\nif (d.getElementById(id)) return;\njs = d.createElement(s); js.id = id;\njs.src = 'https:\/\/connect.facebook.net\/es_LA\/sdk.js#xfbml=1&version=v3.2&appId=232029482016746&autoLogAppEvents=1';\nfjs.parentNode.insertBefore(js, fjs);\n}(document, 'script', 'facebook-jssdk'));\n<\/script><\/p>\n","protected":false},"excerpt":{"rendered":"<p>Ni es cr\u00edtica pol\u00edtica ni motivo de confrontaci\u00f3n, afirm\u00f3 la rectora de la Universidad Aut\u00f3noma de Quer\u00e9taro (UAQ), Teresa Garc\u00eda Gasca, en torno al libro \u201cPautas para la regulaci\u00f3n h\u00eddrica. Desde los enfoques de Derechos Humanos y Sustentabilidad\u201d, cuyo \u00fanico fin es colaborar en la generaci\u00f3n de una Ley de Aguas que sea ejemplo a [&hellip;]<\/p>\n","protected":false},"author":2,"featured_media":8625,"comment_status":"","ping_status":"","sticky":false,"template":"","format":"standard","meta":{"_monsterinsights_skip_tracking":false,"_monsterinsights_sitenote_active":false,"_monsterinsights_sitenote_note":"","_monsterinsights_sitenote_category":0,"footnotes":""},"categories":[6],"tags":[],"class_list":["post-8624","post","type-post","status-publish","format-standard","has-post-thumbnail","hentry","category-san-juan-del-rio"],"_links":{"self":[{"href":"https:\/\/informebajio.com.mx\/index.php?rest_route=\/wp\/v2\/posts\/8624","targetHints":{"allow":["GET"]}}],"collection":[{"href":"https:\/\/informebajio.com.mx\/index.php?rest_route=\/wp\/v2\/posts"}],"about":[{"href":"https:\/\/informebajio.com.mx\/index.php?rest_route=\/wp\/v2\/types\/post"}],"author":[{"embeddable":true,"href":"https:\/\/informebajio.com.mx\/index.php?rest_route=\/wp\/v2\/users\/2"}],"replies":[{"embeddable":true,"href":"https:\/\/informebajio.com.mx\/index.php?rest_route=%2Fwp%2Fv2%2Fcomments&post=8624"}],"version-history":[{"count":0,"href":"https:\/\/informebajio.com.mx\/index.php?rest_route=\/wp\/v2\/posts\/8624\/revisions"}],"wp:featuredmedia":[{"embeddable":true,"href":"https:\/\/informebajio.com.mx\/index.php?rest_route=\/wp\/v2\/media\/8625"}],"wp:attachment":[{"href":"https:\/\/informebajio.com.mx\/index.php?rest_route=%2Fwp%2Fv2%2Fmedia&parent=8624"}],"wp:term":[{"taxonomy":"category","embeddable":true,"href":"https:\/\/informebajio.com.mx\/index.php?rest_route=%2Fwp%2Fv2%2Fcategories&post=8624"},{"taxonomy":"post_tag","embeddable":true,"href":"https:\/\/informebajio.com.mx\/index.php?rest_route=%2Fwp%2Fv2%2Ftags&post=8624"}],"curies":[{"name":"wp","href":"https:\/\/api.w.org\/{rel}","templated":true}]}}