{"id":8658,"date":"2023-04-26T22:40:34","date_gmt":"2023-04-27T03:40:34","guid":{"rendered":"https:\/\/informebajio.com.mx\/?p=8658"},"modified":"2023-04-26T22:40:34","modified_gmt":"2023-04-27T03:40:34","slug":"alistan-jornadas-de-la-diversidad-sexual-en-san-juan","status":"publish","type":"post","link":"https:\/\/informebajio.com.mx\/?p=8658","title":{"rendered":"Alistan jornadas de la diversidad sexual en San Juan"},"content":{"rendered":"<div id=\"content-body-5851641-9959785\">\n<p>La asociaci\u00f3n Angeluchy Trans est\u00e1 en los preparativos de la <b>Jornada de la Diversidad Sexual<\/b>, una actividad que se realizar\u00e1 en junio dentro de la conmemoraci\u00f3n del <b>Mes del Orgullo LGBT+<\/b> en el municipio de San Juan del R\u00edo, dio a conocer el presidente de dicha asociaci\u00f3n civil, Angeluchuy S\u00e1nchez Gonz\u00e1lez.<\/p>\n<p>Refiri\u00f3 que dentro dichas jornadas se abordan temas de <b>educaci\u00f3n sexual, salud mental, asesor\u00eda jur\u00eddica y m\u00e9dica,<\/b> adem\u00e1s de que se llevar\u00e1n a cabo una serie de conferencias donde se informar\u00e1 a la poblaci\u00f3n sobre el sector LGBT+. Indic\u00f3 que estas actividades se realizar\u00e1n en coordinaci\u00f3n con la Defensor\u00eda de los Derechos Humanos de Quer\u00e9taro (DDHQ).<\/p>\n<p><i>\u201cRealizaremos una serie de jornadas donde se aborda desde la salud mental, hasta la salud f\u00edsica y tambi\u00e9n asesor\u00edas y todo lo que conlleva. Junto con la Defensor\u00eda de los Derechos Humanos damos tambi\u00e9n talleres y acompa\u00f1amiento, esta ser\u00eda la tercera jornada que har\u00edamos en torno a la diversidad sexual en el municipio\u201d, <\/i>coment\u00f3. <\/p>\n<p>Refiri\u00f3 que uno de los principales objetivos de esta actividad es <b>hacer visible e informar a la poblaci\u00f3n sobre los temas que giran en torno a la comunidad LGBT+<\/b>, as\u00ed como las aportaciones que los integrantes de este sector pueden hacer en los escenarios sociales. Puntualiz\u00f3 que uno de los prop\u00f3sitos que persigue la asociaci\u00f3n que preside es reeducar a las personas sobre estos temas.<\/p>\n<p>Asimismo, indic\u00f3 que adem\u00e1s de trabajar de la mano con la DDHQ, tambi\u00e9n existe una colaboraci\u00f3n con la Unidad de Servicios para la Educaci\u00f3n B\u00e1sica en el Estado de Quer\u00e9taro (USEBEQ), de manera que se prev\u00e9 que la Jornada de la Diversidad Sexual se lleve a cabo en escuelas de educaci\u00f3n b\u00e1sica, as\u00ed como en instituciones de nivel medio superior y superior. A\u00f1adi\u00f3 que se espera realizar estas actividades en espacios p\u00fablicas tales como el Portal del Diezmo y el Jard\u00edn de la Familia. <\/p>\n<p><i>\u201cLlevaremos a cabo de esta manera el orgullo de pertenecer a una comunidad, habl\u00f3 en general, y tambi\u00e9n hacer visible. Uno de los objetivos de Angeluchy Trans es hacer visible que por ser parte de una comunidad tenemos mucho que aportar, eso es algo importante (\u2026). Creo que nosotros debemos de ir rescatando a aquellas personas que pueden aportar mucho a la sociedad y son parte de la comunidad\u201d,<\/i> apunt\u00f3. <\/p>\n<p><b id=\"docs-internal-guid-6bb2c971-7fff-0ec2-5627-be1d89054c5e\"><b>\u27a1\ufe0f <\/b><a href=\"https:\/\/oem.us16.list-manage.com\/subscribe?u=c04a811ee61dc85305bf7133b&amp;id=f1b85ee5bb\"><b><u>Suscr\u00edbete a nuestro Newsletter y recibe las notas m\u00e1s relevantes en tu correo<\/u><\/b><\/a><\/b><\/p>\n<p>Finalmente, detall\u00f3 que la <b>esta ser\u00e1 la tercera edici\u00f3n de la Jornada de la Diversidad Sexual<\/b>, por lo que se espera una participaci\u00f3n activa de la ciudadan\u00eda para conocer e informarse sobre los m\u00faltiples teman que integran las comunidades LGBT+.<\/p>\n<\/div>\n<p><script>(function(d, s, id) {\nvar js, fjs = d.getElementsByTagName(s)[0];\nif (d.getElementById(id)) return;\njs = d.createElement(s); js.id = id;\njs.src = 'https:\/\/connect.facebook.net\/es_LA\/sdk.js#xfbml=1&version=v3.2&appId=232029482016746&autoLogAppEvents=1';\nfjs.parentNode.insertBefore(js, fjs);\n}(document, 'script', 'facebook-jssdk'));\n<\/script><\/p>\n","protected":false},"excerpt":{"rendered":"<p>La asociaci\u00f3n Angeluchy Trans est\u00e1 en los preparativos de la Jornada de la Diversidad Sexual, una actividad que se realizar\u00e1 en junio dentro de la conmemoraci\u00f3n del Mes del Orgullo LGBT+ en el municipio de San Juan del R\u00edo, dio a conocer el presidente de dicha asociaci\u00f3n civil, Angeluchuy S\u00e1nchez Gonz\u00e1lez. Refiri\u00f3 que dentro dichas [&hellip;]<\/p>\n","protected":false},"author":2,"featured_media":8659,"comment_status":"","ping_status":"","sticky":false,"template":"","format":"standard","meta":{"_monsterinsights_skip_tracking":false,"_monsterinsights_sitenote_active":false,"_monsterinsights_sitenote_note":"","_monsterinsights_sitenote_category":0,"footnotes":""},"categories":[6],"tags":[],"class_list":["post-8658","post","type-post","status-publish","format-standard","has-post-thumbnail","hentry","category-san-juan-del-rio"],"_links":{"self":[{"href":"https:\/\/informebajio.com.mx\/index.php?rest_route=\/wp\/v2\/posts\/8658","targetHints":{"allow":["GET"]}}],"collection":[{"href":"https:\/\/informebajio.com.mx\/index.php?rest_route=\/wp\/v2\/posts"}],"about":[{"href":"https:\/\/informebajio.com.mx\/index.php?rest_route=\/wp\/v2\/types\/post"}],"author":[{"embeddable":true,"href":"https:\/\/informebajio.com.mx\/index.php?rest_route=\/wp\/v2\/users\/2"}],"replies":[{"embeddable":true,"href":"https:\/\/informebajio.com.mx\/index.php?rest_route=%2Fwp%2Fv2%2Fcomments&post=8658"}],"version-history":[{"count":0,"href":"https:\/\/informebajio.com.mx\/index.php?rest_route=\/wp\/v2\/posts\/8658\/revisions"}],"wp:featuredmedia":[{"embeddable":true,"href":"https:\/\/informebajio.com.mx\/index.php?rest_route=\/wp\/v2\/media\/8659"}],"wp:attachment":[{"href":"https:\/\/informebajio.com.mx\/index.php?rest_route=%2Fwp%2Fv2%2Fmedia&parent=8658"}],"wp:term":[{"taxonomy":"category","embeddable":true,"href":"https:\/\/informebajio.com.mx\/index.php?rest_route=%2Fwp%2Fv2%2Fcategories&post=8658"},{"taxonomy":"post_tag","embeddable":true,"href":"https:\/\/informebajio.com.mx\/index.php?rest_route=%2Fwp%2Fv2%2Ftags&post=8658"}],"curies":[{"name":"wp","href":"https:\/\/api.w.org\/{rel}","templated":true}]}}