{"id":8686,"date":"2023-04-27T10:23:43","date_gmt":"2023-04-27T15:23:43","guid":{"rendered":"https:\/\/informebajio.com.mx\/?p=8686"},"modified":"2023-04-27T10:23:43","modified_gmt":"2023-04-27T15:23:43","slug":"ni-infarto-de-amlo-ni-traslado-de-emergencia-enfatiza-adan-lopez","status":"publish","type":"post","link":"https:\/\/informebajio.com.mx\/?p=8686","title":{"rendered":"Ni infarto de AMLO ni traslado de emergencia, enfatiza Ad\u00e1n L\u00f3pez"},"content":{"rendered":"<div id=\"content_nitf\">\n<p>El presidente Andr\u00e9s Manuel L\u00f3pez Obrador no sufri\u00f3 un desvanecimiento, ni infarto, ni fue trasladado de emergencia a la Ciudad de M\u00e9xico, enfatiz\u00f3 el titular de la Secretar\u00eda de Gobernaci\u00f3n (SG), Ad\u00e1n Augusto L\u00f3pez Hern\u00e1ndez, al encabezar la ma\u00f1anera de ayer en ausencia del mandatario federal, quien por tercera ocasi\u00f3n result\u00f3 positivo a covid-19.<\/p>\n<p>Remarc\u00f3 que el jefe del Ejecutivo federal \u201cgoza de cabal salud\u201d y descart\u00f3 las especulaciones en torno a una supuesta condici\u00f3n de mayor gravedad en su estado. \u00c9stas, se\u00f1al\u00f3, \u201cson producto de la malquerencia de algunos (\u2026) Eso quisieran, \u00e9l mismo lo dijo ayer (en el tuit en el que inform\u00f3 sobre su contagio), est\u00e1 al 100 por ciento en cuanto a su salud cardiaca\u201d.<\/p>\n<p>Interrogado en varios momentos de la conferencia en Palacio Nacional sobre la salud del Presidente, el secretario asever\u00f3 que aun en convalecencia \u201cest\u00e1 al frente de todos los asuntos del pa\u00eds\u201d y se mantiene en comunicaci\u00f3n permanente con todos sus colaboradores.<\/p>\n<p>Asever\u00f3 que se encuentra en aislamiento en Palacio Nacional, recuper\u00e1ndose, y confi\u00f3 que en los pr\u00f3ximos d\u00edas pueda reincorporarse a sus actividades.<\/p>\n<p>Este martes, dijo L\u00f3pez Hern\u00e1ndez, se dar\u00e1 un nuevo parte sobre su condici\u00f3n. En la ma\u00f1anera de ayer no particip\u00f3 ning\u00fan funcionario de Salud para ahondar en detalles. Agreg\u00f3 que el mandatario tiene el esquema completo de vacunaci\u00f3n.<\/p>\n<p>El encargado de la pol\u00edtica interior del pa\u00eds apunt\u00f3 que la noche del s\u00e1bado y la ma\u00f1ana del domingo L\u00f3pez Obrador present\u00f3 s\u00edntomas de un resfriado. Por protocolo, se le someti\u00f3 a sendas pruebas de covid-19 y de influenza, y hacia las cuatro de la tarde de anteayer se confirm\u00f3 que era positivo a la primera.<\/p>\n<p>\u201cNo hubo ni un traslado de emergencia, no hubo ning\u00fan desvanecimiento, como algunos han pretendido hacer creer.\u201d<\/p>\n<p>\u2013\u00bfHay especulaciones y dudas sobre c\u00f3mo viaj\u00f3 el Presidente de M\u00e9rida a la Ciudad de M\u00e9xico, o d\u00f3nde aterriz\u00f3, y si se le llev\u00f3 a Palacio Nacional? \u2013se le pregunt\u00f3.<\/p>\n<p>\u2013Las especulaciones son producto de la malquerencia de algunos. Yo le dir\u00eda que el se\u00f1or Presidente viaj\u00f3 de la ciudad de M\u00e9rida al Aeropuerto Internacional de la Ciudad de M\u00e9xico y estaba arribando al filo de las tres de la tarde aproximadamente \u2013respondi\u00f3.<\/p>\n<p>\u2013\u00bfLo hizo de manera normal?<\/p>\n<p>\u2013De manera normal. Su regreso estaba originalmente previsto para las 16:30 horas. Y habida cuenta de la sugerencia m\u00e9dica de que esper\u00e1ramos el resultado del an\u00e1lisis practicado, dej\u00f3 a cargo de los secretarios de Marina (Rafael Ojeda) y de Comunicaciones (Jorge Nu\u00f1o), y al director general de Fonatur (Javier May) que se llevara a cabo la \u00faltima (reuni\u00f3n) de evaluaci\u00f3n del Tren Maya, que era en M\u00e9rida, y tom\u00f3 la decisi\u00f3n de adelantar una hora su regreso.<\/p>\n<p>Tambi\u00e9n se le pregunt\u00f3 sobre las especulaciones que apuntaban a un supuesto infarto, a lo que acot\u00f3: \u201cNo, no hay nada de eso. Eso quisieran, pero goza de cabal salud. Creo que a nadie debe de asustar el que haya resultado con contagio de covid, el Presidente convive diariamente con muchos ciudadanos, seguramente alguno involuntariamente lo contagi\u00f3\u201d.<\/p>\n<p>Inform\u00f3 que varios integrantes del gabinete se realizaron la prueba covid el domingo, y otros, como su propio caso, lo har\u00edan ayer.<\/p>\n<p>El presidente de Bolivia, Luis Arce, escribi\u00f3 en Twitter: \u201cDesde el Estado Plurinacional de #Bolivia, expresamos nuestra solidaridad con el hermano presidente de #M\u00e9xico, <a href=\"https:\/\/twitter.com\/@lopezobrador_\">@lopezobrador_<\/a>, que dio positivo a #covid19. Le deseamos una pronta recuperaci\u00f3n para que siga trabajando por el pueblo mexicano y la integraci\u00f3n de la Patria Grande\u201d.<\/p>\n<p>Horas m\u00e1s tarde, tras concluir la ma\u00f1anera, en la calle Corregidora \u2013por la puerta de ingreso habitual de los visitantes a Palacio Nacional\u2013 pr\u00e1cticamente no hubo movimiento, s\u00f3lo se vio salir al director de Fonatur.<\/p>\n<p>En enero de 2021 fue la primera ocasi\u00f3n que L\u00f3pez Obrador se contagi\u00f3 de covid-19. Lo inform\u00f3 el d\u00eda 24 en un tuit y cinco d\u00edas despu\u00e9s apareci\u00f3 en un video. Al siguiente a\u00f1o, el 10 de enero, fue la segunda vez que dio positivo, reapareci\u00f3 a los tres d\u00edas, tambi\u00e9n en un video. Retom\u00f3 actividades p\u00fablicas 11 y siete d\u00edas despu\u00e9s en el primer y segundo casos.<\/p>\n<\/div>\n<p><script async src=\"\/\/platform.twitter.com\/widgets.js\" charset=\"utf-8\"><\/script><script>\n      !function(f,b,e,v,n,t,s)\n      {if(f.fbq)return;n=f.fbq=function(){n.callMethod?\n      n.callMethod.apply(n,arguments):n.queue.push(arguments)};\n      if(!f._fbq)f._fbq=n;n.push=n;n.loaded=!0;n.version='2.0';\n      n.queue=[];t=b.createElement(e);t.async=!0;\n      t.src=v;s=b.getElementsByTagName(e)[0];\n      s.parentNode.insertBefore(t,s)}(window, document,'script',\n      'https:\/\/connect.facebook.net\/en_US\/fbevents.js');\n      fbq('init', '133913093805922');\n      fbq('track', 'PageView');\n      fbq('track', 'Contact');\n      fbq('track', 'Donate');\n      fbq('track', 'FindLocation');\n      fbq('track', 'Lead');\n      fbq('track', 'Search');\n      fbq('track', 'Subscribe', {value: '0.00', currency: 'MXN', predicted_ltv: '0.00'});\n      fbq('track', 'ViewContent');\n    <\/script><script type=\"text\/javascript\">(function(d, s, id) {\n\t  var js, fjs = d.getElementsByTagName(s)[0];\n\t  if (d.getElementById(id)) return;\n\t  js = d.createElement(s); js.id = id;\n\t  js.src = \"\/\/connect.facebook.net\/es_LA\/sdk.js#xfbml=1&amp;version=v3.3&amp;appId=774389309362880\";\n\t  fjs.parentNode.insertBefore(js, fjs);\n\t}(document, 'script', 'facebook-jssdk'));<\/script><\/p>\n","protected":false},"excerpt":{"rendered":"<p>El presidente Andr\u00e9s Manuel L\u00f3pez Obrador no sufri\u00f3 un desvanecimiento, ni infarto, ni fue trasladado de emergencia a la Ciudad de M\u00e9xico, enfatiz\u00f3 el titular de la Secretar\u00eda de Gobernaci\u00f3n (SG), Ad\u00e1n Augusto L\u00f3pez Hern\u00e1ndez, al encabezar la ma\u00f1anera de ayer en ausencia del mandatario federal, quien por tercera ocasi\u00f3n result\u00f3 positivo a covid-19. Remarc\u00f3 [&hellip;]<\/p>\n","protected":false},"author":2,"featured_media":8687,"comment_status":"","ping_status":"","sticky":false,"template":"","format":"standard","meta":{"_monsterinsights_skip_tracking":false,"_monsterinsights_sitenote_active":false,"_monsterinsights_sitenote_note":"","_monsterinsights_sitenote_category":0,"footnotes":""},"categories":[9],"tags":[],"class_list":["post-8686","post","type-post","status-publish","format-standard","has-post-thumbnail","hentry","category-deportes"],"_links":{"self":[{"href":"https:\/\/informebajio.com.mx\/index.php?rest_route=\/wp\/v2\/posts\/8686","targetHints":{"allow":["GET"]}}],"collection":[{"href":"https:\/\/informebajio.com.mx\/index.php?rest_route=\/wp\/v2\/posts"}],"about":[{"href":"https:\/\/informebajio.com.mx\/index.php?rest_route=\/wp\/v2\/types\/post"}],"author":[{"embeddable":true,"href":"https:\/\/informebajio.com.mx\/index.php?rest_route=\/wp\/v2\/users\/2"}],"replies":[{"embeddable":true,"href":"https:\/\/informebajio.com.mx\/index.php?rest_route=%2Fwp%2Fv2%2Fcomments&post=8686"}],"version-history":[{"count":0,"href":"https:\/\/informebajio.com.mx\/index.php?rest_route=\/wp\/v2\/posts\/8686\/revisions"}],"wp:featuredmedia":[{"embeddable":true,"href":"https:\/\/informebajio.com.mx\/index.php?rest_route=\/wp\/v2\/media\/8687"}],"wp:attachment":[{"href":"https:\/\/informebajio.com.mx\/index.php?rest_route=%2Fwp%2Fv2%2Fmedia&parent=8686"}],"wp:term":[{"taxonomy":"category","embeddable":true,"href":"https:\/\/informebajio.com.mx\/index.php?rest_route=%2Fwp%2Fv2%2Fcategories&post=8686"},{"taxonomy":"post_tag","embeddable":true,"href":"https:\/\/informebajio.com.mx\/index.php?rest_route=%2Fwp%2Fv2%2Ftags&post=8686"}],"curies":[{"name":"wp","href":"https:\/\/api.w.org\/{rel}","templated":true}]}}