{"id":8690,"date":"2023-04-27T10:43:45","date_gmt":"2023-04-27T15:43:45","guid":{"rendered":"https:\/\/informebajio.com.mx\/?p=8690"},"modified":"2023-04-27T10:43:45","modified_gmt":"2023-04-27T15:43:45","slug":"camion-de-carga-se-accidenta-en-la-patzcuaro-cuitzeo-hay-un-muerto","status":"publish","type":"post","link":"https:\/\/informebajio.com.mx\/?p=8690","title":{"rendered":"Cami\u00f3n de carga se accidenta en la P\u00e1tzcuaro-Cuitzeo; hay un muerto"},"content":{"rendered":"<div id=\"content-body-225-9969872\">\n<p>Morelia, Michoac\u00e1n (OEM Infomex).- Este martes, un hombre perdi\u00f3 la vida luego de accidentarse dentro de su <b>cami\u00f3n de carga<\/b> sobre la <b>autopista P\u00e1tzcuaro-Cuitzeo. <\/b><\/p>\n<p>El incidente ocurri\u00f3 cuando la unidad se sali\u00f3 de la <b>carpeta asf\u00e1ltica,<\/b> en el kil\u00f3metro 1+1000, a la altura del municipio de Cop\u00e1ndaro. <\/p>\n<p>La emergencia fue reportada a la polic\u00eda y de inmediato acudieron elementos de la Guardia Nacional y param\u00e9dicos, quienes confirmaron el deceso del chofer del referido veh\u00edculo. <\/p>\n<p>Los uniformados acordonaron la zona y pidieron la presencia de la Fiscal\u00eda General del Estado (FGE) para realizar las indagatorias respectivas, as\u00ed como el levantamiento del cuerpo y trasladarlo a la Semefo. <\/p>\n<\/div>\n<p><script>(function(d, s, id) {\nvar js, fjs = d.getElementsByTagName(s)[0];\nif (d.getElementById(id)) return;\njs = d.createElement(s); js.id = id;\njs.src = 'https:\/\/connect.facebook.net\/es_LA\/sdk.js#xfbml=1&version=v3.2&appId=2304818722879035&autoLogAppEvents=1';\nfjs.parentNode.insertBefore(js, fjs);\n}(document, 'script', 'facebook-jssdk'));\n<\/script><\/p>\n","protected":false},"excerpt":{"rendered":"<p>Morelia, Michoac\u00e1n (OEM Infomex).- Este martes, un hombre perdi\u00f3 la vida luego de accidentarse dentro de su cami\u00f3n de carga sobre la autopista P\u00e1tzcuaro-Cuitzeo. El incidente ocurri\u00f3 cuando la unidad se sali\u00f3 de la carpeta asf\u00e1ltica, en el kil\u00f3metro 1+1000, a la altura del municipio de Cop\u00e1ndaro. La emergencia fue reportada a la polic\u00eda y [&hellip;]<\/p>\n","protected":false},"author":2,"featured_media":8691,"comment_status":"","ping_status":"","sticky":false,"template":"","format":"standard","meta":{"_monsterinsights_skip_tracking":false,"_monsterinsights_sitenote_active":false,"_monsterinsights_sitenote_note":"","_monsterinsights_sitenote_category":0,"footnotes":""},"categories":[7],"tags":[],"class_list":["post-8690","post","type-post","status-publish","format-standard","has-post-thumbnail","hentry","category-michoacan"],"_links":{"self":[{"href":"https:\/\/informebajio.com.mx\/index.php?rest_route=\/wp\/v2\/posts\/8690","targetHints":{"allow":["GET"]}}],"collection":[{"href":"https:\/\/informebajio.com.mx\/index.php?rest_route=\/wp\/v2\/posts"}],"about":[{"href":"https:\/\/informebajio.com.mx\/index.php?rest_route=\/wp\/v2\/types\/post"}],"author":[{"embeddable":true,"href":"https:\/\/informebajio.com.mx\/index.php?rest_route=\/wp\/v2\/users\/2"}],"replies":[{"embeddable":true,"href":"https:\/\/informebajio.com.mx\/index.php?rest_route=%2Fwp%2Fv2%2Fcomments&post=8690"}],"version-history":[{"count":0,"href":"https:\/\/informebajio.com.mx\/index.php?rest_route=\/wp\/v2\/posts\/8690\/revisions"}],"wp:featuredmedia":[{"embeddable":true,"href":"https:\/\/informebajio.com.mx\/index.php?rest_route=\/wp\/v2\/media\/8691"}],"wp:attachment":[{"href":"https:\/\/informebajio.com.mx\/index.php?rest_route=%2Fwp%2Fv2%2Fmedia&parent=8690"}],"wp:term":[{"taxonomy":"category","embeddable":true,"href":"https:\/\/informebajio.com.mx\/index.php?rest_route=%2Fwp%2Fv2%2Fcategories&post=8690"},{"taxonomy":"post_tag","embeddable":true,"href":"https:\/\/informebajio.com.mx\/index.php?rest_route=%2Fwp%2Fv2%2Ftags&post=8690"}],"curies":[{"name":"wp","href":"https:\/\/api.w.org\/{rel}","templated":true}]}}