{"id":8692,"date":"2023-04-27T10:57:38","date_gmt":"2023-04-27T15:57:38","guid":{"rendered":"https:\/\/informebajio.com.mx\/?p=8692"},"modified":"2023-04-27T10:57:38","modified_gmt":"2023-04-27T15:57:38","slug":"comprometen-seguimiento-de-casos-en-martes-ciudadano","status":"publish","type":"post","link":"https:\/\/informebajio.com.mx\/?p=8692","title":{"rendered":"Comprometen seguimiento de casos en Martes Ciudadano"},"content":{"rendered":"<div id=\"content-body-5851641-9975577\">\n<p>Durante la <b>cuarta jornada del Programa <a rel=\"Follow noopener\" target=\"_self\" href=\"https:\/\/www.elsoldesanjuandelrio.com.mx\/local\/martes-ciudadano-sera-semanal-en-san-juan-del-rio-9935240.html\">Martes Ciudadano<\/a><\/b>, que este 25 de abril se desarroll\u00f3 en la <b>Plaza Independencia<\/b>, en la zona Centro del municipio de San Juan del R\u00edo, <b>se brindaron 251 atenciones <\/b>a las y los sanjuanenses que se dieron cita en este espacio para exponer sus necesidades.<\/p>\n<p>En la jornada -que fue encabezada por el presidente municipal de San Juan del R\u00edo,<b> Roberto Cabrera Valencia<\/b>, y la presidenta del Sistema Municipal para el Desarrollo Integral de la Familia, Georgina S\u00e1nchez Barrios-, las y los integrantes del Gabinete, as\u00ed como titulares de organismos descentralizados <b>atendieron a la ciudadan\u00eda.<\/b><\/p>\n<p>El programa, impulsado por el alcalde Roberto Cabrera, tiene como objetivo <b>promover un mecanismo directo de atenci\u00f3n entre las y los ciudadanos,<\/b> el presidente municipal y los funcionarios de la administraci\u00f3n 2021-2024. <\/p>\n<p>De acuerdo con un comunicado de prensa, se dio a conocer que, este programa act\u00faa bajo la premisa de <i><b>\u201cEscuchar m\u00e1s, atender mejor, para solucionar\u201d<\/b><\/i>, iba con la intenci\u00f3n de establecer un gobierno m\u00e1s cercano a la poblaci\u00f3n y el cual estar\u00e1 teniendo presencia en las colonias y comunidades sanjuanenses.<\/p>\n<p>Las atenciones brindadas durante esta jornada comenzaron cerca de las 8 horas de este martes, y concluyeron cuando la \u00faltima persona fue atendida en la Plaza Independencia, en donde s<b>e atendi\u00f3 a gran parte de la sociedad y sectores vecinales, comerciales y empresariales.<\/b><\/p>\n<p><b>\u27a1\ufe0f <\/b><a href=\"https:\/\/oem.us16.list-manage.com\/subscribe?u=c04a811ee61dc85305bf7133b&amp;id=f1b85ee5bb\"><b>Suscr\u00edbete a nuestro Newsletter y recibe las notas m\u00e1s relevantes en tu correo<\/b><\/a><b\/><\/p>\n<p>Adem\u00e1s, cabe mencionar que, <b>el mecanismo cuenta con una plataforma donde se concentran los folios por \u00e1rea<\/b>, a los cuales se les da seguimiento, al referir que hay diferentes tem\u00e1ticas que llegan a este programa y que requieren de la interacci\u00f3n de diferentes secretar\u00edas o direcciones.<\/p>\n<\/div>\n<p><script>(function(d, s, id) {\nvar js, fjs = d.getElementsByTagName(s)[0];\nif (d.getElementById(id)) return;\njs = d.createElement(s); js.id = id;\njs.src = 'https:\/\/connect.facebook.net\/es_LA\/sdk.js#xfbml=1&version=v3.2&appId=232029482016746&autoLogAppEvents=1';\nfjs.parentNode.insertBefore(js, fjs);\n}(document, 'script', 'facebook-jssdk'));\n<\/script><\/p>\n","protected":false},"excerpt":{"rendered":"<p>Durante la cuarta jornada del Programa Martes Ciudadano, que este 25 de abril se desarroll\u00f3 en la Plaza Independencia, en la zona Centro del municipio de San Juan del R\u00edo, se brindaron 251 atenciones a las y los sanjuanenses que se dieron cita en este espacio para exponer sus necesidades. En la jornada -que fue [&hellip;]<\/p>\n","protected":false},"author":2,"featured_media":8693,"comment_status":"","ping_status":"","sticky":false,"template":"","format":"standard","meta":{"_monsterinsights_skip_tracking":false,"_monsterinsights_sitenote_active":false,"_monsterinsights_sitenote_note":"","_monsterinsights_sitenote_category":0,"footnotes":""},"categories":[6],"tags":[],"class_list":["post-8692","post","type-post","status-publish","format-standard","has-post-thumbnail","hentry","category-san-juan-del-rio"],"_links":{"self":[{"href":"https:\/\/informebajio.com.mx\/index.php?rest_route=\/wp\/v2\/posts\/8692","targetHints":{"allow":["GET"]}}],"collection":[{"href":"https:\/\/informebajio.com.mx\/index.php?rest_route=\/wp\/v2\/posts"}],"about":[{"href":"https:\/\/informebajio.com.mx\/index.php?rest_route=\/wp\/v2\/types\/post"}],"author":[{"embeddable":true,"href":"https:\/\/informebajio.com.mx\/index.php?rest_route=\/wp\/v2\/users\/2"}],"replies":[{"embeddable":true,"href":"https:\/\/informebajio.com.mx\/index.php?rest_route=%2Fwp%2Fv2%2Fcomments&post=8692"}],"version-history":[{"count":0,"href":"https:\/\/informebajio.com.mx\/index.php?rest_route=\/wp\/v2\/posts\/8692\/revisions"}],"wp:featuredmedia":[{"embeddable":true,"href":"https:\/\/informebajio.com.mx\/index.php?rest_route=\/wp\/v2\/media\/8693"}],"wp:attachment":[{"href":"https:\/\/informebajio.com.mx\/index.php?rest_route=%2Fwp%2Fv2%2Fmedia&parent=8692"}],"wp:term":[{"taxonomy":"category","embeddable":true,"href":"https:\/\/informebajio.com.mx\/index.php?rest_route=%2Fwp%2Fv2%2Fcategories&post=8692"},{"taxonomy":"post_tag","embeddable":true,"href":"https:\/\/informebajio.com.mx\/index.php?rest_route=%2Fwp%2Fv2%2Ftags&post=8692"}],"curies":[{"name":"wp","href":"https:\/\/api.w.org\/{rel}","templated":true}]}}