{"id":8696,"date":"2023-04-27T13:29:45","date_gmt":"2023-04-27T18:29:45","guid":{"rendered":"https:\/\/informebajio.com.mx\/?p=8696"},"modified":"2023-04-27T13:29:45","modified_gmt":"2023-04-27T18:29:45","slug":"en-comisiones-aprueban-incorporar-en-la-version-de-automoviles-de-alquiler-para-trasladar-a-personas-con-discapacidad-a-vehiculos-denominados-hatchback","status":"publish","type":"post","link":"https:\/\/informebajio.com.mx\/?p=8696","title":{"rendered":"EN COMISIONES APRUEBAN INCORPORAR EN LA VERSI\u00d3N DE AUTOM\u00d3VILES DE ALQUILER PARA TRASLADAR A PERSONAS CON DISCAPACIDAD A\u00a0 VEH\u00cdCULOS DENOMINADOS HATCHBACK"},"content":{"rendered":"<div>\n<p><strong>LA COMISI\u00d3N DE COMUNICACIONES Y TRANSPORTES APROB\u00d3 REFORMAS A LA LEY DE TRANSPORTE P\u00daBLICO DEL ESTADO: DIP. MA ELENA RAM\u00cdREZ RAM\u00cdREZ<\/strong><\/p>\n<p>En reuni\u00f3n de trabajo de la Comisi\u00f3n de Comunicaciones y Transportes, se aprob\u00f3 el dictamen que adicionar a la fracci\u00f3n I, un inciso f) en el art\u00edculo 68 de la Ley de Transporte P\u00fablico del Estado de San Luis Potos\u00ed, con el fin de incorporar en la versi\u00f3n de autom\u00f3viles de alquiler para trasladar a personas con discapacidad a\u00a0 veh\u00edculos denominados hatchback.<\/p>\n<p>La diputada Ma. Elena Ram\u00edrez Ram\u00edrez, presidenta de esta comisi\u00f3n legislativa, \u00a0indic\u00f3 que con esta medida, se busca beneficiar a las personas con discapacidad, al poder contratar un veh\u00edculo de alquiler que tenga estas caracter\u00edsticas para que puedan acceder con mayor facilidad, y transportar sus sillas de ruedas o materiales de apoyo, como andaderas.<\/p>\n<p>\u201cCon esto buscamos apoyar a las personas con discapacidad, que se tienen que transportar y que batallan bastante para subir sus sillas de ruedas o sus implementos, entonces este tipo de veh\u00edculos hatchback los va a apoyar para que puedan transportarse m\u00e1s f\u00e1cilmente\u201d.<\/p>\n<p>Se\u00f1al\u00f3 que esta iniciativa, que fue propuesta por el diputado Ren\u00e9 Oyarvide Ibarra, busca establecer acciones y medidas pertinentes para asegurar el acceso de las personas con discapacidad, en igualdad de condiciones, brindando un acceso al transporte de alquiler, tanto para la zona urbana como en zonas rurales de nuestra entidad, a fin de reflejarlas en beneficio de los potosinos que cuenten con alguna discapacidad.<\/p>\n<p>Destaca que de acuerdo a datos del INEGI, en Encuesta Nacional sobre Discriminaci\u00f3n de 2017, afirma que una cuarta parte de las personas con discapacidad (mayores de 12 a\u00f1os) son v\u00edctimas de discriminaci\u00f3n en al menos un \u00e1mbito social. Las calles y el transporte p\u00fablico son los espacios donde m\u00e1s se sienten excluidas.<\/p>\n<p>Por ello, se\u00f1ala, es la necesidad de que San Luis Potos\u00ed pueda contar con el tipo de veh\u00edculo hatchback para trasladar a personas con discapacidad, y establecer esta posibilidad de la prestaci\u00f3n de este tipo de servicios.<\/p>\n<p>La iniciativa ser\u00e1 turnada al pleno para su votaci\u00f3n.<\/p>\n<\/div>\n<p><\/p>\n","protected":false},"excerpt":{"rendered":"<p>LA COMISI\u00d3N DE COMUNICACIONES Y TRANSPORTES APROB\u00d3 REFORMAS A LA LEY DE TRANSPORTE P\u00daBLICO DEL ESTADO: DIP. MA ELENA RAM\u00cdREZ RAM\u00cdREZ En reuni\u00f3n de trabajo de la Comisi\u00f3n de Comunicaciones y Transportes, se aprob\u00f3 el dictamen que adicionar a la fracci\u00f3n I, un inciso f) en el art\u00edculo 68 de la Ley de Transporte P\u00fablico [&hellip;]<\/p>\n","protected":false},"author":2,"featured_media":8697,"comment_status":"","ping_status":"","sticky":false,"template":"","format":"standard","meta":{"_monsterinsights_skip_tracking":false,"_monsterinsights_sitenote_active":false,"_monsterinsights_sitenote_note":"","_monsterinsights_sitenote_category":0,"footnotes":""},"categories":[5],"tags":[],"class_list":["post-8696","post","type-post","status-publish","format-standard","has-post-thumbnail","hentry","category-san-luis-potosi"],"_links":{"self":[{"href":"https:\/\/informebajio.com.mx\/index.php?rest_route=\/wp\/v2\/posts\/8696","targetHints":{"allow":["GET"]}}],"collection":[{"href":"https:\/\/informebajio.com.mx\/index.php?rest_route=\/wp\/v2\/posts"}],"about":[{"href":"https:\/\/informebajio.com.mx\/index.php?rest_route=\/wp\/v2\/types\/post"}],"author":[{"embeddable":true,"href":"https:\/\/informebajio.com.mx\/index.php?rest_route=\/wp\/v2\/users\/2"}],"replies":[{"embeddable":true,"href":"https:\/\/informebajio.com.mx\/index.php?rest_route=%2Fwp%2Fv2%2Fcomments&post=8696"}],"version-history":[{"count":0,"href":"https:\/\/informebajio.com.mx\/index.php?rest_route=\/wp\/v2\/posts\/8696\/revisions"}],"wp:featuredmedia":[{"embeddable":true,"href":"https:\/\/informebajio.com.mx\/index.php?rest_route=\/wp\/v2\/media\/8697"}],"wp:attachment":[{"href":"https:\/\/informebajio.com.mx\/index.php?rest_route=%2Fwp%2Fv2%2Fmedia&parent=8696"}],"wp:term":[{"taxonomy":"category","embeddable":true,"href":"https:\/\/informebajio.com.mx\/index.php?rest_route=%2Fwp%2Fv2%2Fcategories&post=8696"},{"taxonomy":"post_tag","embeddable":true,"href":"https:\/\/informebajio.com.mx\/index.php?rest_route=%2Fwp%2Fv2%2Ftags&post=8696"}],"curies":[{"name":"wp","href":"https:\/\/api.w.org\/{rel}","templated":true}]}}