{"id":8698,"date":"2023-04-27T13:30:07","date_gmt":"2023-04-27T18:30:07","guid":{"rendered":"https:\/\/informebajio.com.mx\/?p=8698"},"modified":"2023-04-27T13:30:07","modified_gmt":"2023-04-27T18:30:07","slug":"festeja-dif-estatal-el-dia-de-la-ninez-en-el-cas-carmelita-ballesteros","status":"publish","type":"post","link":"https:\/\/informebajio.com.mx\/?p=8698","title":{"rendered":"Festeja DIF Estatal el D\u00eda de la Ni\u00f1ez en el CAS Carmelita Ballesteros"},"content":{"rendered":"<div>\n<p>Noticias<\/p>\n<p>\u00a0<\/p>\n<p>Previo al 30 de abril, el Sistema Estatal DIF festej\u00f3 a las ni\u00f1as, ni\u00f1os y adolescentes albergados temporalmente en el Centro de Asistencia Social (CAS) Carmelita Ballesteros, ah\u00ed la titular de la dependencia, Car Herrera de Kuri, se pronunci\u00f3 por dar a la infancia queretana las herramientas necesarias para que puedan luchar y alcanzar sus sue\u00f1os, as\u00ed como otorgarles cuidado, seguridad y protecci\u00f3n.<\/p>\n<p><!-- Composite Start --><\/p>\n<p><!-- Composite End --><\/p>\n<p>La presidenta del Patronato del SEDIF felicit\u00f3 a las y los menores, a quienes les dese\u00f3 un D\u00eda de la Ni\u00f1ez muy especial; asimismo, agradeci\u00f3 el apoyo del voluntariado y personal del CAS que participaron en este evento.<\/p>\n<p>Durante la celebraci\u00f3n, las y los ni\u00f1os gozaron del Festival de la Alegr\u00eda, que incluy\u00f3 espect\u00e1culos musicales, convivencia y\u00a0 s e t\u00a0 fotogr\u00e1ficos con Mickey Mouse, Mario Bros, princesas, s\u00faper h\u00e9roes y personajes favoritos.\u00a0<\/p>\n<p>El festival tuvo como objetivo ofrecerles un d\u00eda de esparcimiento y diversi\u00f3n a las ni\u00f1as, ni\u00f1os y adolescentes que han sido v\u00edctimas de violencia intrafamiliar, omisi\u00f3n de cuidados y se encuentran institucionalizados temporalmente en lo que su situaci\u00f3n jur\u00eddica se resuelve.\u00a0\u00a0\u00a0<\/p>\n<p>\u00a0<\/p>\n<\/div>\n<p><\/p>\n","protected":false},"excerpt":{"rendered":"<p>Noticias \u00a0 Previo al 30 de abril, el Sistema Estatal DIF festej\u00f3 a las ni\u00f1as, ni\u00f1os y adolescentes albergados temporalmente en el Centro de Asistencia Social (CAS) Carmelita Ballesteros, ah\u00ed la titular de la dependencia, Car Herrera de Kuri, se pronunci\u00f3 por dar a la infancia queretana las herramientas necesarias para que puedan luchar y [&hellip;]<\/p>\n","protected":false},"author":2,"featured_media":8699,"comment_status":"","ping_status":"","sticky":false,"template":"","format":"standard","meta":{"_monsterinsights_skip_tracking":false,"_monsterinsights_sitenote_active":false,"_monsterinsights_sitenote_note":"","_monsterinsights_sitenote_category":0,"footnotes":""},"categories":[4],"tags":[],"class_list":["post-8698","post","type-post","status-publish","format-standard","has-post-thumbnail","hentry","category-queretaro"],"_links":{"self":[{"href":"https:\/\/informebajio.com.mx\/index.php?rest_route=\/wp\/v2\/posts\/8698","targetHints":{"allow":["GET"]}}],"collection":[{"href":"https:\/\/informebajio.com.mx\/index.php?rest_route=\/wp\/v2\/posts"}],"about":[{"href":"https:\/\/informebajio.com.mx\/index.php?rest_route=\/wp\/v2\/types\/post"}],"author":[{"embeddable":true,"href":"https:\/\/informebajio.com.mx\/index.php?rest_route=\/wp\/v2\/users\/2"}],"replies":[{"embeddable":true,"href":"https:\/\/informebajio.com.mx\/index.php?rest_route=%2Fwp%2Fv2%2Fcomments&post=8698"}],"version-history":[{"count":0,"href":"https:\/\/informebajio.com.mx\/index.php?rest_route=\/wp\/v2\/posts\/8698\/revisions"}],"wp:featuredmedia":[{"embeddable":true,"href":"https:\/\/informebajio.com.mx\/index.php?rest_route=\/wp\/v2\/media\/8699"}],"wp:attachment":[{"href":"https:\/\/informebajio.com.mx\/index.php?rest_route=%2Fwp%2Fv2%2Fmedia&parent=8698"}],"wp:term":[{"taxonomy":"category","embeddable":true,"href":"https:\/\/informebajio.com.mx\/index.php?rest_route=%2Fwp%2Fv2%2Fcategories&post=8698"},{"taxonomy":"post_tag","embeddable":true,"href":"https:\/\/informebajio.com.mx\/index.php?rest_route=%2Fwp%2Fv2%2Ftags&post=8698"}],"curies":[{"name":"wp","href":"https:\/\/api.w.org\/{rel}","templated":true}]}}