{"id":8706,"date":"2023-04-27T17:00:37","date_gmt":"2023-04-27T22:00:37","guid":{"rendered":"https:\/\/informebajio.com.mx\/?p=8706"},"modified":"2023-04-27T17:00:37","modified_gmt":"2023-04-27T22:00:37","slug":"preven-inversiones-en-unidad-deportiva-maquio","status":"publish","type":"post","link":"https:\/\/informebajio.com.mx\/?p=8706","title":{"rendered":"Prev\u00e9n inversiones en Unidad deportiva Maqu\u00edo"},"content":{"rendered":"<div id=\"content-body-5851641-9971014\">\n<p>El presidente municipal de San Juan del R\u00edo, <b>Roberto Carlos Cabrera Valencia<\/b> dio a conocer que se est\u00e1 trabajando de manera conjunta con el <b>Instituto del Deporte y Recreaci\u00f3n en el Estado de Quer\u00e9taro<\/b> (Indereq), con la intenci\u00f3n de <b>mejorar espacios <\/b>para recreaci\u00f3n como la<b> <a rel=\"Follow noopener\" target=\"_self\" href=\"https:\/\/www.elsoldesanjuandelrio.com.mx\/local\/obras-en-maquio-al-85-8741802.html\">Unidad Deportiva Maqu\u00edo.<\/a><\/b><\/p>\n<p>Lo anterior, luego de referir que sostuvo un encuentro con la titular de este de organismo, Iridia Salazar, con quien <b>gestionan recursos para el empastado de la cancha de f\u00fatbol 7<\/b>, y los otros campos que se ubican dentro de esta Unidad que est\u00e1 en las inmediaciones de la zona oriente.<\/p>\n<p>Indic\u00f3 que, <b>los sanjuanenses destacan en muchos deportes<\/b> y que, es por ellos que se ha hecho la promoci\u00f3n de encuentros con sedes en San Juan del R\u00edo, adem\u00e1s de que, anteriormente ya se hab\u00edan hecho trabajos en la<b> explanada de la cancha de basquetbol. <\/b><\/p>\n<p><i>&#8220;La idea es administrar deporte, solamente como un previo porque todav\u00eda tenemos que confirmar y estamos en el tr\u00e1mite, nos encontramos gestionando con INDEREQ las obras, son cuatro obras una de ellas es el pasto sint\u00e9tico de la cancha de Maqu\u00edo, tambi\u00e9n estamos trabajando en Granjas Banth\u00ed&#8221;.<\/i><\/p>\n<p>El alcalde expres\u00f3 que, <b>las cuatro obras que se quieren hacer llevan una l\u00ednea concreta<\/b> para echarlas andar, tomando en cuenta que en los lugares deportivos hay una gran demanda de parte de los jugadores y talentos que han destacado de manera nacional e internacional.<\/p>\n<p><i>\u201cEn el CDC de Granjas Banthi estamos trabajando en lo que es el cambio de la l\u00e1mina del campo de futbol 7, pero tenemos pendiente ah\u00ed tambi\u00e9n el cubo activo para las personas que guste de otras disciplinas y vamos con la colocaci\u00f3n de las plataformas de entrenamiento\u201d.<\/i><\/p>\n<p><b>\u27a1\ufe0f <\/b><a href=\"https:\/\/oem.us16.list-manage.com\/subscribe?u=c04a811ee61dc85305bf7133b&amp;id=f1b85ee5bb\"><b>Suscr\u00edbete a nuestro Newsletter y recibe las notas m\u00e1s relevantes en tu correo<\/b><\/a><b\/><\/p>\n<p><b>Otro de los pol\u00edgonos que quieren intervenir es el parque del Paso de los Guzm\u00e1n<\/b> en la zona del gimnasio y posteriormente estar\u00edan buscando la manera de atraer recursos para la rehabilitaci\u00f3n de la duela de atletismo de la Unidad Deportiva, misma que ya registra aver\u00edas por el paso del tiempo y su uso.<\/p>\n<\/div>\n<p><script>(function(d, s, id) {\nvar js, fjs = d.getElementsByTagName(s)[0];\nif (d.getElementById(id)) return;\njs = d.createElement(s); js.id = id;\njs.src = 'https:\/\/connect.facebook.net\/es_LA\/sdk.js#xfbml=1&version=v3.2&appId=232029482016746&autoLogAppEvents=1';\nfjs.parentNode.insertBefore(js, fjs);\n}(document, 'script', 'facebook-jssdk'));\n<\/script><\/p>\n","protected":false},"excerpt":{"rendered":"<p>El presidente municipal de San Juan del R\u00edo, Roberto Carlos Cabrera Valencia dio a conocer que se est\u00e1 trabajando de manera conjunta con el Instituto del Deporte y Recreaci\u00f3n en el Estado de Quer\u00e9taro (Indereq), con la intenci\u00f3n de mejorar espacios para recreaci\u00f3n como la Unidad Deportiva Maqu\u00edo. Lo anterior, luego de referir que sostuvo [&hellip;]<\/p>\n","protected":false},"author":2,"featured_media":8707,"comment_status":"","ping_status":"","sticky":false,"template":"","format":"standard","meta":{"_monsterinsights_skip_tracking":false,"_monsterinsights_sitenote_active":false,"_monsterinsights_sitenote_note":"","_monsterinsights_sitenote_category":0,"footnotes":""},"categories":[6],"tags":[],"class_list":["post-8706","post","type-post","status-publish","format-standard","has-post-thumbnail","hentry","category-san-juan-del-rio"],"_links":{"self":[{"href":"https:\/\/informebajio.com.mx\/index.php?rest_route=\/wp\/v2\/posts\/8706","targetHints":{"allow":["GET"]}}],"collection":[{"href":"https:\/\/informebajio.com.mx\/index.php?rest_route=\/wp\/v2\/posts"}],"about":[{"href":"https:\/\/informebajio.com.mx\/index.php?rest_route=\/wp\/v2\/types\/post"}],"author":[{"embeddable":true,"href":"https:\/\/informebajio.com.mx\/index.php?rest_route=\/wp\/v2\/users\/2"}],"replies":[{"embeddable":true,"href":"https:\/\/informebajio.com.mx\/index.php?rest_route=%2Fwp%2Fv2%2Fcomments&post=8706"}],"version-history":[{"count":0,"href":"https:\/\/informebajio.com.mx\/index.php?rest_route=\/wp\/v2\/posts\/8706\/revisions"}],"wp:featuredmedia":[{"embeddable":true,"href":"https:\/\/informebajio.com.mx\/index.php?rest_route=\/wp\/v2\/media\/8707"}],"wp:attachment":[{"href":"https:\/\/informebajio.com.mx\/index.php?rest_route=%2Fwp%2Fv2%2Fmedia&parent=8706"}],"wp:term":[{"taxonomy":"category","embeddable":true,"href":"https:\/\/informebajio.com.mx\/index.php?rest_route=%2Fwp%2Fv2%2Fcategories&post=8706"},{"taxonomy":"post_tag","embeddable":true,"href":"https:\/\/informebajio.com.mx\/index.php?rest_route=%2Fwp%2Fv2%2Ftags&post=8706"}],"curies":[{"name":"wp","href":"https:\/\/api.w.org\/{rel}","templated":true}]}}