{"id":8718,"date":"2023-04-27T21:16:09","date_gmt":"2023-04-28T02:16:09","guid":{"rendered":"https:\/\/informebajio.com.mx\/?p=8718"},"modified":"2023-04-27T21:16:09","modified_gmt":"2023-04-28T02:16:09","slug":"la-ctm-no-participara-en-el-desfile-del-1-de-mayo-dia-del-trabajo","status":"publish","type":"post","link":"https:\/\/informebajio.com.mx\/?p=8718","title":{"rendered":"La CTM no participar\u00e1 en el desfile del 1 de mayo D\u00eda del Trabajo"},"content":{"rendered":"<div id=\"content-body-5851641-9979942\">\n<p><b>CELAYA, Gto. (OEM-Informex).-<\/b> <b>Este a\u00f1o, la Confederaci\u00f3n de Trabajadores de M\u00e9xico, no participar\u00e1 en el desfile del 1 de mayo D\u00eda del Trabajo, as\u00ed lo se\u00f1al\u00f3 Marco Antonio Valencia Guti\u00e9rrez, subsecretario General de la CTM, de Celaya y Apaseo el Grande y Apaseo el Alto.<\/b><\/p>\n<p><b><a href=\"http:\/\/oem.pressreader.com\/el-sol-de-bajio\" target=\"_self\" rel=\"Follow noopener\">\u27a1\ufe0fSuscr\u00edbete a nuestra edici\u00f3n digital<\/a><\/b><\/p>\n<p>El l\u00edder sindical explic\u00f3 que la <b>no participaci\u00f3n en el desfile del pr\u00f3ximo 1 de mayo, es porque no hay una indicaci\u00f3n de su dirigencia nacional<\/b> para realizar el desfile; <b>\u201cno hubo la indicaci\u00f3n como cada a\u00f1o para realizar el desfile este a\u00f1o\u201d.<\/b><\/p>\n<p><b>Valencia Guti\u00e9rrez<\/b> se\u00f1al\u00f3 que como integrantes de la <b>CTM,<\/b> dar\u00e1n una reuni\u00f3n privada en sus instalaciones con sus l\u00edderes.<\/p>\n<p>Aunque como trabajadores las demandas son la <b>necesidad<\/b> de un servicio del Instituto Mexicano del Seguro Social <b>(IMSS) digno<\/b>, el cual est\u00e1 rebasado por temas de presupuesto, lo que hace una de las <b>peores crisis en el sector salud,<\/b> el tema de vivienda se ha encarecido para los trabajadores.<\/p>\n<p><b>El trabajo del sindicato es lograr una mejora para la clase trabajadora,<\/b> en sus condiciones de trabajo y prestaciones, como la mejora en el salario m\u00ednimo, vacaciones que es, lo que se ha logrado.<\/p>\n<p>Todo lo que sume a las mejoras de las condiciones de trabajo para los trabajadores es bienvenido.<\/p>\n<\/div>\n<p><script>(function(d, s, id) {\nvar js, fjs = d.getElementsByTagName(s)[0];\nif (d.getElementById(id)) return;\njs = d.createElement(s); js.id = id;\njs.src = 'https:\/\/connect.facebook.net\/es_LA\/sdk.js#xfbml=1&version=v3.2&appId=899106460676237&autoLogAppEvents=1';\nfjs.parentNode.insertBefore(js, fjs);\n}(document, 'script', 'facebook-jssdk'));\n<\/script><\/p>\n","protected":false},"excerpt":{"rendered":"<p>CELAYA, Gto. (OEM-Informex).- Este a\u00f1o, la Confederaci\u00f3n de Trabajadores de M\u00e9xico, no participar\u00e1 en el desfile del 1 de mayo D\u00eda del Trabajo, as\u00ed lo se\u00f1al\u00f3 Marco Antonio Valencia Guti\u00e9rrez, subsecretario General de la CTM, de Celaya y Apaseo el Grande y Apaseo el Alto. \u27a1\ufe0fSuscr\u00edbete a nuestra edici\u00f3n digital El l\u00edder sindical explic\u00f3 que [&hellip;]<\/p>\n","protected":false},"author":2,"featured_media":8719,"comment_status":"","ping_status":"","sticky":false,"template":"","format":"standard","meta":{"_monsterinsights_skip_tracking":false,"_monsterinsights_sitenote_active":false,"_monsterinsights_sitenote_note":"","_monsterinsights_sitenote_category":0,"footnotes":""},"categories":[8],"tags":[],"class_list":["post-8718","post","type-post","status-publish","format-standard","has-post-thumbnail","hentry","category-guanajuato"],"_links":{"self":[{"href":"https:\/\/informebajio.com.mx\/index.php?rest_route=\/wp\/v2\/posts\/8718","targetHints":{"allow":["GET"]}}],"collection":[{"href":"https:\/\/informebajio.com.mx\/index.php?rest_route=\/wp\/v2\/posts"}],"about":[{"href":"https:\/\/informebajio.com.mx\/index.php?rest_route=\/wp\/v2\/types\/post"}],"author":[{"embeddable":true,"href":"https:\/\/informebajio.com.mx\/index.php?rest_route=\/wp\/v2\/users\/2"}],"replies":[{"embeddable":true,"href":"https:\/\/informebajio.com.mx\/index.php?rest_route=%2Fwp%2Fv2%2Fcomments&post=8718"}],"version-history":[{"count":0,"href":"https:\/\/informebajio.com.mx\/index.php?rest_route=\/wp\/v2\/posts\/8718\/revisions"}],"wp:featuredmedia":[{"embeddable":true,"href":"https:\/\/informebajio.com.mx\/index.php?rest_route=\/wp\/v2\/media\/8719"}],"wp:attachment":[{"href":"https:\/\/informebajio.com.mx\/index.php?rest_route=%2Fwp%2Fv2%2Fmedia&parent=8718"}],"wp:term":[{"taxonomy":"category","embeddable":true,"href":"https:\/\/informebajio.com.mx\/index.php?rest_route=%2Fwp%2Fv2%2Fcategories&post=8718"},{"taxonomy":"post_tag","embeddable":true,"href":"https:\/\/informebajio.com.mx\/index.php?rest_route=%2Fwp%2Fv2%2Ftags&post=8718"}],"curies":[{"name":"wp","href":"https:\/\/api.w.org\/{rel}","templated":true}]}}