{"id":8722,"date":"2023-04-27T22:49:41","date_gmt":"2023-04-28T03:49:41","guid":{"rendered":"https:\/\/informebajio.com.mx\/?p=8722"},"modified":"2023-04-27T22:49:41","modified_gmt":"2023-04-28T03:49:41","slug":"caso-angel-yael-sin-justicia-y-con-la-herida-abierta","status":"publish","type":"post","link":"https:\/\/informebajio.com.mx\/?p=8722","title":{"rendered":"Caso \u00c1ngel Yael: sin justicia y con la herida abierta"},"content":{"rendered":"<div id=\"content-body-5851641-9979217\">\n<p>IRAPUATO, Gto. (OEM-Informex).- Dese hace un a\u00f1o, la <b>Guardia Nacional <\/b>no es bien vista en <b>El Copal<\/b>, una comunidad en la que habitan alrededor de <b>dos mil personas <\/b>y que est\u00e1 ubicada al norponiente de <b>Irapuato<\/b>.<\/p>\n<p>\u27a1 <a href=\"https:\/\/oem.pressreader.com\/el-sol-de-irapuato\" target=\"_blank\" rel=\"noopener\"><b>Suscr\u00edbete a nuestra edici\u00f3n digital<\/b><\/a><\/p>\n<p>La <b>corporaci\u00f3n federal lo ha entendido<\/b> y ya no realiza con tanta frecuencia los rondines que llevaba a cabo en <b>2022<\/b>, los cuales ten\u00edan como objetivo <b>vigilar la red de ductos de Petr\u00f3leos Mexicanos <\/b>que pasan por la zona; su vigilancia ahora se limita a la zona de barbechos, pero ya no dentro del poblado, cuyos habitantes no olvidan que el <b>27 de abril del a\u00f1o pasado<\/b>, un integrante de esta corporaci\u00f3n presuntamente asesin\u00f3 a <b>\u00c1ngel Yael<\/b>, un joven estudiante de la <b>Ingenier\u00eda en Agronom\u00eda de la Universidad de Guanajuato<\/b>, mientras que otro elemento m\u00e1s tambi\u00e9n habr\u00eda disparado a los compa\u00f1eros con los que viajaba el universitario.<\/p>\n<p>Ha pasado un a\u00f1o desde aquel ataque y para la familia de <b>\u00c1ngel Yael Ignacio Rangel <\/b>la <b>justicia a\u00fan no ha llegado<\/b>. Han sido cuatro las ocasiones en las que les han hablado para darles a conocer los avances del caso y en las cuatro la herida se reabre, pues vuelven a escuchar una y otra vez <b>c\u00f3mo fue asesinado el joven que ten\u00eda 19 a\u00f1os <\/b>y quien cursaba el cuarto semestre de la <b>carrera de Agronom\u00eda<\/b>.<\/p>\n<p>Televisoras y medios de comunicaci\u00f3n de diversas partes del mundo han tratado de acercarse infructuosamente a la familia de <b>\u00c1ngel Yael<\/b>. Hablar, para ellos, es revivir la herida y lo que quieren es que todo termine. Del proceso legal poco quieren saber, contaron a <b>Organizaci\u00f3n Editorial Mexicana<\/b>. \u201c<i><b>Que sea lo que sea, pero ya es un a\u00f1o y no vemos justicia<\/b><\/i>\u201d, dijo <b>Norma Luc\u00eda Rangel<\/b>, madre del joven.<\/p>\n<p>Para ellos el proceso ha sido lento, con muchas trabas, \u201c<i><b>como si quisieran que todo se olvidara, pero c\u00f3mo vamos a olvidar<\/b><\/i>\u201d.<\/p>\n<h2><b>Dispar\u00f3 sin una orden<\/b><\/h2>\n<p>En un a\u00f1o, el caso ha avanzado poco, consideran familiares y amigos de <b>\u00c1ngel Yael<\/b>, pero lo que <b>no ha cambiado es la versi\u00f3n de c\u00f3mo sucedi\u00f3 todo<\/b>.<\/p>\n<p>Seg\u00fan lo que qued\u00f3 asentado en la <b>carpeta de investigaci\u00f3n <\/b>que est\u00e1 siendo desahogada en el juicio, la tarde del <b>27 de abril de 2022<\/b> \u00c1ngel Yael conviv\u00eda con un grupo de compa\u00f1eros en una sal\u00f3n de eventos conocido como <b>La Parra <\/b>y que est\u00e1 ubicado en las orillas de la comunidad <b>El Copal<\/b>. Todo transcurr\u00eda en total calma, cuando de pronto <b>\u00c1ngel Yael<\/b>, <b>Edith Alejandra<\/b> y <b>Eduardo<\/b> abordaron una camioneta <b>Ford Eco Sport blanca<\/b>, con placas de circulaci\u00f3n <b>GKD-623-C<\/b> y arrancaron la marcha. Y fue entonces que ocurri\u00f3 el hecho, que qued\u00f3 narrado en la recomendaci\u00f3n n\u00famero <b>80VG\/2022 <\/b>de la <b>Comisi\u00f3n Nacional de los Derechos Humanos<\/b>. \u201c<i>El <\/i><i><b>27 de abril de 2022<\/b><\/i><i>, al estar llevando a cabo acciones encaminadas a la <\/i><i><b>prevenci\u00f3n del robo de hidrocarburos<\/b><\/i><i>, se percataron de la presencia de personas a las que se les dieron alcance, que al llegar al lugar \u00e9l y sus compa\u00f1eros <\/i><i><b>bajaron de la camioneta <\/b><\/i><i>en que iban haciendo la formaci\u00f3n de punta para capturar a las personas que se encontraban en el lugar, pero al realizar la maniobra <\/i><i><b>se escucha una detonaci\u00f3n proveniente del compa\u00f1ero AR2<\/b><\/i><i> (<\/i><i><b>Autoridad Responsable 2<\/b><\/i><i>), quien accion\u00f3 por primera vez su arma de cargo <\/i><i><b>calibre 7.62<\/b><\/i><i>, por lo que al escuchar las detonaciones su reacci\u00f3n fue parapetarse en un \u00e1rbol cercano y hacer otra detonaci\u00f3n disuasiva al aire, siendo enf\u00e1tico al se\u00f1alar que el primer disparo lo hizo <\/i><i><b>su compa\u00f1ero AR2<\/b><\/i><i>, apuntando directamente en contra de la camioneta; que al llegar su jefe y preguntar qui\u00e9n hab\u00eda accionado su arma, <\/i><i><b>todos negaron haberlo hecho<\/b><\/i><i>, culp\u00e1ndolo directamente a \u00e9l, por lo que es detenido y presentado ante la <\/i><i><b>autoridad ministerial<\/b><\/i>\u201d.<\/p>\n<p>Otra declaraci\u00f3n result\u00f3 importante en el caso, pues narra que el elemento de la <b>Guardia Nacional<\/b>, de nombre <b>\u00c1ngel<\/b>, quien proven\u00eda de la <b>Marina <\/b>y quien en ese entonces era cuatro a\u00f1os mayor que <b>\u00c1ngel Yael<\/b>, era el \u00fanico que portaba un arma de calibre diferente a la de sus compa\u00f1eros, por lo que eso fue fundamental en la investigaci\u00f3n para identificar al <b>presunto responsable del ataque<\/b>.<\/p>\n<p>\u201c<i>Cobra relevancia la declaraci\u00f3n de <\/i><i><b>PSP10<\/b><\/i><i> (<\/i><i><b>Persona Servidora P\u00fablica 10<\/b><\/i><i>), de la que se destaca que <\/i><i><b>AR2<\/b><\/i><i>, es el \u00fanico elemento del grupo que cuenta con un calibre de arma diferente, siendo una <\/i><i><b>panter calibre 7.62<\/b><\/i><i>, mientras que todos tienen asignada una <\/i><i><b>calibre 5.56<\/b><\/i><i>; de igual manera, el dictamen en materia de bal\u00edstica forense practicado a las armas de <\/i><i><b>AR2<\/b><\/i><i>, <\/i><i><b>AR3<\/b><\/i><i> y <\/i><i><b>PSP1<\/b><\/i><i> estableci\u00f3 que el elemento bal\u00edstico que fue encontrado en la autopsia realizada a <\/i><i><b>V1 <\/b><\/i><i>(<\/i><i><b>V\u00edctima 1<\/b><\/i><i>) tiene correspondencia con el calibre del arma de <\/i><i><b>AR2<\/b><\/i>\u201d, dice el documento, del cual <b>Organizaci\u00f3n Editorial Mexicana<\/b> tiene una copia.<\/p>\n<p>As\u00ed, la resoluci\u00f3n ha quedado que el disparo fue realizado sin una orden de alg\u00fan superior. Incluso, desde el <b>28 de abril de 2022 <\/b>esa fue la versi\u00f3n que sostuvo la propia <b>Guardia Nacional<\/b>, a trav\u00e9s de un comunicado dado a conocer horas despu\u00e9s del caso.<\/p>\n<p>\u201c<i>Un elemento de la <\/i><i><b>Guardia Nacional <\/b><\/i><i>descendi\u00f3 del veh\u00edculo en el que se transportaba y de forma unilateral, <\/i><i><b>accion\u00f3 su arma de cargo <\/b><\/i><i>en contra de las camionetas que se retiraban del lugar, resultando <\/i><i><b>una persona fallecida y otra lesionada<\/b><\/i>\u201d, dec\u00eda el comunicado. Y aunque todo apuntaba a que s\u00f3lo era un elemento de la <b>Guardia Nacional <\/b>el implicado, el <b>cinco de diciembre de 2022 <\/b>el caso dio un giro, pues un segundo elemento de la <b>Guardia Nacional<\/b>, del que tambi\u00e9n hubo datos de que dispar\u00f3, fue vinculado a proceso por el delito de tentativa de homicidio en contra de <b>Edith Alejandra<\/b> y <b>Eduardo<\/b>, pero \u00e9ste lo lleva en libertad, en tanto que el primer agente federal fue cambiado del <b>Cefereso<\/b> de <b>Ocampo<\/b> a una prisi\u00f3n militar del estado de <b>Jalisco<\/b>.<\/p>\n<h2><b>Fuerzas armadas no deben estar en las calles<\/b><\/h2>\n<p>En <b>diciembre de 2020<\/b>, el rector general de la <b>Universidad de Guanajuato<\/b>, <b>Luis Felipe Guerrero Agripino<\/b>, consideraba que <b>las fuerzas armadas no deber\u00edan ser involucradas en operativos de seguridad p\u00fablica<\/b>, pues ello las expon\u00eda a dos riesgos: que pudieran sucumbir a la corrupci\u00f3n, o bien, a ser protagonistas de <b>violaciones a los derechos humanos<\/b>.<\/p>\n<p>En el libro titulado \u201c<i><b>Orientaciones para una pol\u00edtica criminal integral en el sistema mexicano. Hacia el restablecimiento del Estado de Derecho y de una cultura de paz<\/b><\/i>\u201d, en el cual <b>Guerrero Agripino <\/b>fungi\u00f3 como coordinador de los textos publicados, qued\u00f3 establecida parte de la postura que el rector de la <b>Universidad de Guanajuato <\/b>ha manifestado y que a\u00fan defiende desde el plano acad\u00e9mico sobre los riesgos de la militarizaci\u00f3n del pa\u00eds.<\/p>\n<p>\u201c<i>El nivel de institucionalidad y compromiso de las <\/i><i><b>fuerzas armadas <\/b><\/i><i>no est\u00e1 en duda, han sido garantes de la <\/i><i><b>estabilidad democr\u00e1tica del pa\u00eds <\/b><\/i><i>al mantener su lealtad al liderazgo civil; poseen, adem\u00e1s, un alto nivel de <\/i><i><b>confianza de la ciudadan\u00eda<\/b><\/i><i>. Es destacable su capacidad t\u00e1ctica, \u00e9tica, log\u00edstica, de inteligencia y de fuerza, as\u00ed como la importancia de que las fuerzas armadas sean el principal componente del <\/i><i><b>Sistema Nacional de Protecci\u00f3n Civil <\/b><\/i><i>de manera vinculada con el <\/i><i><b>Plan DNIII-E<\/b><\/i>.<\/p>\n<p>\u201c<i>Pese a lo anterior, nos encontramos ante <\/i><i><b>un fen\u00f3meno de militarizaci\u00f3n expandido <\/b><\/i><i>a todos los campos de la seguridad<\/i>.<\/p>\n<p>\u201c<i>Lo anterior es preocupante. Se sostiene bajo el argumento de que la <\/i><i><b>criminalidad organizada <\/b><\/i><i>representa <\/i><i><b>una amenaza para la seguridad nacional<\/b><\/i><i>, asimismo, en que las corporaciones policiales no tienen la capacidad para hacer frente a este <\/i><i><b>gran problema nacional <\/b><\/i><i>debido a su debilidad (\u2026) Las <\/i><i><b>fuerzas armadas<\/b><\/i><i>, sin embargo, no fueron creadas para estos prop\u00f3sitos. Su formaci\u00f3n est\u00e1 destinada a ejecutar funciones distintas. Involucrarlas en asuntos operativos de seguridad interior o p\u00fablica <\/i><i><b>las expone a la corrupci\u00f3n y a la violaci\u00f3n de derechos humanos<\/b><\/i>\u201d, advert\u00eda en ese entonces <b>Luis Felipe Guerrero Agripino<\/b> en ese libro que le toc\u00f3 coordinar y que fue publicada su primera versi\u00f3n digital en <b>diciembre de 2020<\/b>.<\/p>\n<p><b>Luis Felipe Guerrero Agripino <\/b>consideraba desde entonces que <b>la militarizaci\u00f3n no es la soluci\u00f3n <\/b>para los problemas de seguridad del pa\u00eds y se\u00f1al\u00f3 que las <b>fuerzas armadas <\/b>deben apoyar en labores de inteligencia y de dise\u00f1o de operativos, pero no su ejecuci\u00f3n.<\/p>\n<p>\u201c<i>Es elemental que las <\/i><i><b>fuerzas armadas no intervengan en la parte operativa<\/b><\/i><i>, sino \u00fanicamente en \u00e1mbitos como informaci\u00f3n de inteligencia y dise\u00f1o estrat\u00e9gico operativo, <\/i><i><b>sin involucrarse en la parte de ejecuci\u00f3n<\/b><\/i>\u201d, se lee en la <b>p\u00e1gina 59 <\/b>de su libro.<\/p>\n<p>Para este <b>27 de abril<\/b>, la <b>Universidad de Guanajuato <\/b>prepara una serie de actividades para no olvidar a <b>\u00c1ngel Yael<\/b>. Adem\u00e1s, se espera una postura actualizada del rector <b>Luis Felipe Guerrero Agripino<\/b>, quien en anteriores entrevistas con <b>Organizaci\u00f3n Editorial Mexicana <\/b>ha se\u00f1alado que la <b>Universidad de Guanajuato <\/b>mantiene la <b>exigencia de justicia <\/b>y que siguen dando acompa\u00f1amiento a la <b>familia del joven universitario<\/b>, pues se trat\u00f3 de un acto que da\u00f1\u00f3 a toda una comunidad y como comunidad est\u00e1n actuando con solidaridad.<\/p>\n<\/div>\n<p><script>(function(d, s, id) {\nvar js, fjs = d.getElementsByTagName(s)[0];\nif (d.getElementById(id)) return;\njs = d.createElement(s); js.id = id;\njs.src = 'https:\/\/connect.facebook.net\/es_LA\/sdk.js#xfbml=1&version=v3.2&appId=899106460676237&autoLogAppEvents=1';\nfjs.parentNode.insertBefore(js, fjs);\n}(document, 'script', 'facebook-jssdk'));\n<\/script><\/p>\n","protected":false},"excerpt":{"rendered":"<p>IRAPUATO, Gto. (OEM-Informex).- Dese hace un a\u00f1o, la Guardia Nacional no es bien vista en El Copal, una comunidad en la que habitan alrededor de dos mil personas y que est\u00e1 ubicada al norponiente de Irapuato. \u27a1 Suscr\u00edbete a nuestra edici\u00f3n digital La corporaci\u00f3n federal lo ha entendido y ya no realiza con tanta frecuencia [&hellip;]<\/p>\n","protected":false},"author":2,"featured_media":8723,"comment_status":"","ping_status":"","sticky":false,"template":"","format":"standard","meta":{"_monsterinsights_skip_tracking":false,"_monsterinsights_sitenote_active":false,"_monsterinsights_sitenote_note":"","_monsterinsights_sitenote_category":0,"footnotes":""},"categories":[8],"tags":[],"class_list":["post-8722","post","type-post","status-publish","format-standard","has-post-thumbnail","hentry","category-guanajuato"],"_links":{"self":[{"href":"https:\/\/informebajio.com.mx\/index.php?rest_route=\/wp\/v2\/posts\/8722","targetHints":{"allow":["GET"]}}],"collection":[{"href":"https:\/\/informebajio.com.mx\/index.php?rest_route=\/wp\/v2\/posts"}],"about":[{"href":"https:\/\/informebajio.com.mx\/index.php?rest_route=\/wp\/v2\/types\/post"}],"author":[{"embeddable":true,"href":"https:\/\/informebajio.com.mx\/index.php?rest_route=\/wp\/v2\/users\/2"}],"replies":[{"embeddable":true,"href":"https:\/\/informebajio.com.mx\/index.php?rest_route=%2Fwp%2Fv2%2Fcomments&post=8722"}],"version-history":[{"count":0,"href":"https:\/\/informebajio.com.mx\/index.php?rest_route=\/wp\/v2\/posts\/8722\/revisions"}],"wp:featuredmedia":[{"embeddable":true,"href":"https:\/\/informebajio.com.mx\/index.php?rest_route=\/wp\/v2\/media\/8723"}],"wp:attachment":[{"href":"https:\/\/informebajio.com.mx\/index.php?rest_route=%2Fwp%2Fv2%2Fmedia&parent=8722"}],"wp:term":[{"taxonomy":"category","embeddable":true,"href":"https:\/\/informebajio.com.mx\/index.php?rest_route=%2Fwp%2Fv2%2Fcategories&post=8722"},{"taxonomy":"post_tag","embeddable":true,"href":"https:\/\/informebajio.com.mx\/index.php?rest_route=%2Fwp%2Fv2%2Ftags&post=8722"}],"curies":[{"name":"wp","href":"https:\/\/api.w.org\/{rel}","templated":true}]}}