{"id":8726,"date":"2023-04-27T23:39:56","date_gmt":"2023-04-28T04:39:56","guid":{"rendered":"https:\/\/informebajio.com.mx\/?p=8726"},"modified":"2023-04-27T23:39:56","modified_gmt":"2023-04-28T04:39:56","slug":"el-pan-eligira-al-mejor-perfil-para-el-senado-agustin-dorantes","status":"publish","type":"post","link":"https:\/\/informebajio.com.mx\/?p=8726","title":{"rendered":"El PAN eligir\u00e1 al mejor perfil para el Senado Agust\u00edn dorantes"},"content":{"rendered":"<div>\n<p style=\"text-align: justify; text-justify: inter-ideograph; margin: 12.0pt 0cm 12.0pt 0cm;\"><span style=\"font-size: 14.0pt; font-family: 'Arial',sans-serif; color: black;\">Tina Hern\u00e1ndez<\/span><\/p>\n<p style=\"text-align: justify; text-justify: inter-ideograph; margin: 12.0pt 0cm 12.0pt 0cm;\"><span style=\"font-size: 14.0pt; font-family: 'Arial',sans-serif; color: black;\">Noticias<\/span><\/p>\n<p style=\"text-align: justify; text-justify: inter-ideograph; margin: 12.0pt 0cm 12.0pt 0cm;\"><span style=\"font-size: 14.0pt; font-family: 'Arial',sans-serif; color: black;\">Luego del destape del diputado federal, Ignacio Loyola Vera para contender por la candidatura del Partido Acci\u00f3n Nacional (PAN) Quer\u00e9taro; el titular de la Secretar\u00eda de Desarrollo Social del Estado de Quer\u00e9taro (SEDESOQ), Agust\u00edn Dorantes L\u00e1mbarri, en su calidad de militante asever\u00f3 que el partido debe elegir al\u00a0 mejor candidato para esa posici\u00f3n.<\/span><\/p>\n<p><!-- Composite Start --><\/p>\n<p><!-- Composite End --><\/p>\n<p style=\"text-align: justify; text-justify: inter-ideograph; margin: 12.0pt 0cm 12.0pt 0cm;\"><span style=\"font-size: 14.0pt; font-family: 'Arial',sans-serif; color: black;\">Como ex dirigente del PAN estatal,\u00a0 el hoy integrante del gabinete del gobernador Mauricio Kuri Gonz\u00e1lez asever\u00f3 que una vez que la dirigencia de su partido tome las decisiones, los aspirantes deben acatarlas, pues se elegir\u00e1n al mejor perfil.<\/span><\/p>\n<p style=\"text-align: justify; text-justify: inter-ideograph; margin: 12.0pt 0cm 12.0pt 0cm;\"><span style=\"font-size: 14.0pt; font-family: 'Arial',sans-serif; color: black;\">\u201cCualquier competencia que enriquezca el proceso abona a la decisi\u00f3n que tomar\u00e1 el Partido Acci\u00f3n Nacional para tener el mejor perfil que represente mejor a los queretanos y les entregue los mejores resultados.<\/span><\/p>\n<p style=\"text-align: justify; text-justify: inter-ideograph; margin: 12.0pt 0cm 12.0pt 0cm;\"><span style=\"font-size: 14.0pt; font-family: 'Arial',sans-serif; color: black;\">\u201cMi postura, desde que inici\u00e9 al frente de la Secretar\u00eda es estar concentrado en sus labores, vamos a seguir dando resultados a la ciudadan\u00eda para que tengamos una pol\u00edtica social innovadora y que realmente cambie la calidad de vida de las personas\u201d.<\/span><\/p>\n<p style=\"text-align: justify; text-justify: inter-ideograph; margin: 12.0pt 0cm 12.0pt 0cm;\"><span style=\"font-size: 14.0pt; font-family: 'Arial',sans-serif; color: black;\">Sobre el destape del ex gobernador Ignacio Loyola, Dorantes L\u00e1mbarri indic\u00f3\u00a0 que la decisi\u00f3n siempre debe ser pensando en el beneficio del pa\u00eds y el estado.<\/span><\/p>\n<p style=\"text-align: justify; text-justify: inter-ideograph; margin: 12.0pt 0cm 12.0pt 0cm;\"><span style=\"font-size: 14.0pt; font-family: 'Arial',sans-serif; color: black;\">Respecto al perfil para el Senado de la Rep\u00fablica, indic\u00f3 que Quer\u00e9taro debe impulsar perfiles que creen un contrapeso con el gobierno federal.<\/span><\/p>\n<p style=\"text-align: justify; text-justify: inter-ideograph; margin: 12.0pt 0cm 12.0pt 0cm;\"><span style=\"font-size: 14.0pt; font-family: 'Arial',sans-serif; color: black;\">\u201cEl Senado funge como un contra peso importante para el Poder Ejecutivo, y por consiguiente las personas que est\u00e9n al frente de esta responsabilidad tienen que tener experiencia, la fuerza y la capacidad de construir oposici\u00f3n para tomar las mejores decisiones para el pa\u00eds\u201d.<\/span><\/p>\n<\/div>\n<p><\/p>\n","protected":false},"excerpt":{"rendered":"<p>Tina Hern\u00e1ndez Noticias Luego del destape del diputado federal, Ignacio Loyola Vera para contender por la candidatura del Partido Acci\u00f3n Nacional (PAN) Quer\u00e9taro; el titular de la Secretar\u00eda de Desarrollo Social del Estado de Quer\u00e9taro (SEDESOQ), Agust\u00edn Dorantes L\u00e1mbarri, en su calidad de militante asever\u00f3 que el partido debe elegir al\u00a0 mejor candidato para esa [&hellip;]<\/p>\n","protected":false},"author":2,"featured_media":8727,"comment_status":"","ping_status":"","sticky":false,"template":"","format":"standard","meta":{"_monsterinsights_skip_tracking":false,"_monsterinsights_sitenote_active":false,"_monsterinsights_sitenote_note":"","_monsterinsights_sitenote_category":0,"footnotes":""},"categories":[4],"tags":[],"class_list":["post-8726","post","type-post","status-publish","format-standard","has-post-thumbnail","hentry","category-queretaro"],"_links":{"self":[{"href":"https:\/\/informebajio.com.mx\/index.php?rest_route=\/wp\/v2\/posts\/8726","targetHints":{"allow":["GET"]}}],"collection":[{"href":"https:\/\/informebajio.com.mx\/index.php?rest_route=\/wp\/v2\/posts"}],"about":[{"href":"https:\/\/informebajio.com.mx\/index.php?rest_route=\/wp\/v2\/types\/post"}],"author":[{"embeddable":true,"href":"https:\/\/informebajio.com.mx\/index.php?rest_route=\/wp\/v2\/users\/2"}],"replies":[{"embeddable":true,"href":"https:\/\/informebajio.com.mx\/index.php?rest_route=%2Fwp%2Fv2%2Fcomments&post=8726"}],"version-history":[{"count":0,"href":"https:\/\/informebajio.com.mx\/index.php?rest_route=\/wp\/v2\/posts\/8726\/revisions"}],"wp:featuredmedia":[{"embeddable":true,"href":"https:\/\/informebajio.com.mx\/index.php?rest_route=\/wp\/v2\/media\/8727"}],"wp:attachment":[{"href":"https:\/\/informebajio.com.mx\/index.php?rest_route=%2Fwp%2Fv2%2Fmedia&parent=8726"}],"wp:term":[{"taxonomy":"category","embeddable":true,"href":"https:\/\/informebajio.com.mx\/index.php?rest_route=%2Fwp%2Fv2%2Fcategories&post=8726"},{"taxonomy":"post_tag","embeddable":true,"href":"https:\/\/informebajio.com.mx\/index.php?rest_route=%2Fwp%2Fv2%2Ftags&post=8726"}],"curies":[{"name":"wp","href":"https:\/\/api.w.org\/{rel}","templated":true}]}}