{"id":8750,"date":"2023-04-28T11:33:13","date_gmt":"2023-04-28T16:33:13","guid":{"rendered":"https:\/\/informebajio.com.mx\/?p=8750"},"modified":"2023-04-28T11:33:13","modified_gmt":"2023-04-28T16:33:13","slug":"con-misa-celebran-a-las-ninas-y-ninos","status":"publish","type":"post","link":"https:\/\/informebajio.com.mx\/?p=8750","title":{"rendered":"Con misa celebran a las ni\u00f1as y ni\u00f1os"},"content":{"rendered":"<div id=\"content-body-5851641-9972876\">\n<p><b>La iglesia cat\u00f3lica de San Juan del R\u00edo <\/b>prepara una misa especial para <b><a rel=\"Follow noopener\" target=\"_self\" href=\"https:\/\/www.elsoldesanjuandelrio.com.mx\/local\/de-nuevo-habra-tianguis-de-juguete-en-el-mercado-reforma-9277730.html\">los ni\u00f1os y ni\u00f1as<\/a><\/b> este pr\u00f3ximo 30 de abril, para ello, se realizar\u00e1 una celebraci\u00f3n eucar\u00edstica en honor a los integrantes de esta poblaci\u00f3n.<\/p>\n<p>Lo anterior lo dio a conocer el vicario de la parroquia de <b>San Juan Bautista, Francisco Javier Aguill\u00f3n Saavedra,<\/b> quien exhort\u00f3 a las familias a participar este pr\u00f3ximo domingo al medio d\u00eda y acompa\u00f1ar a los ni\u00f1os y ni\u00f1as este d\u00eda que es especial para ellos. <\/p>\n<p>El sacerdote consider\u00f3 que es necesario celebrar esta etapa de la vida,<b> \u201cdonde la fe es tan pura\u201d<\/b>, por eso se ha preparado<b> un mensaje especial para los menores,<\/b> por lo que ser\u00e1 una sola celebraci\u00f3n la que se programe para el <b>domingo pr\u00f3ximo.<\/b><\/p>\n<p>El religioso coment\u00f3 que \u201clos ni\u00f1os son el futuro de la sociedad y de la iglesia\u201d, es por ello que mediante una explicaci\u00f3n de todas las partes de la misa, dijo que se buscar\u00e1 involucrar a los menores en el acto religioso, ya que son generaciones que apunt\u00f3, deber fortalecer sus valores universales<b> mediante estas actividades. <\/b><\/p>\n<p>Exhort\u00f3 a las familias aprovechar estos festejos, ya que despu\u00e9s de la pandemia por Covid-19 se est\u00e1n reanudando nuevamente, es por ello, que el 30 de abril a las<b> 12 de d\u00eda se tendr\u00e1 esta Eucarist\u00eda. <\/b><\/p>\n<p>Mencion\u00f3 que se pretende que las mismas lecturas sean le\u00eddas por los ni\u00f1os y ni\u00f1as, pero ser\u00e1 el domingo cuando se defina la participaci\u00f3n de los peque\u00f1os en <b>dicha actividad alusiva al festejo infantil.<\/b><\/p>\n<p><b id=\"docs-internal-guid-09ac99ee-7fff-3dda-7d7c-d27e454d1ac0\"><b>\u27a1\ufe0f <\/b><a href=\"https:\/\/oem.us16.list-manage.com\/subscribe?u=c04a811ee61dc85305bf7133b&amp;id=f1b85ee5bb\"><b><u>Suscr\u00edbete a nuestro Newsletter y recibe las notas m\u00e1s relevantes en tu correo<\/u><\/b><\/a><\/b><\/p>\n<p>Finalmente dijo que durante esta actividad se realizar\u00e1: la lectura de la Palabra de Dios y su explicaci\u00f3n, profesi\u00f3n de fe, el rezo de la oraci\u00f3n universal, preparaci\u00f3n de los dones, plegaria eucar\u00edstica, rito de la comuni\u00f3n, y finalmente el rito de conclusi\u00f3n.<\/p>\n<\/div>\n<p><script>(function(d, s, id) {\nvar js, fjs = d.getElementsByTagName(s)[0];\nif (d.getElementById(id)) return;\njs = d.createElement(s); js.id = id;\njs.src = 'https:\/\/connect.facebook.net\/es_LA\/sdk.js#xfbml=1&version=v3.2&appId=232029482016746&autoLogAppEvents=1';\nfjs.parentNode.insertBefore(js, fjs);\n}(document, 'script', 'facebook-jssdk'));\n<\/script><\/p>\n","protected":false},"excerpt":{"rendered":"<p>La iglesia cat\u00f3lica de San Juan del R\u00edo prepara una misa especial para los ni\u00f1os y ni\u00f1as este pr\u00f3ximo 30 de abril, para ello, se realizar\u00e1 una celebraci\u00f3n eucar\u00edstica en honor a los integrantes de esta poblaci\u00f3n. Lo anterior lo dio a conocer el vicario de la parroquia de San Juan Bautista, Francisco Javier Aguill\u00f3n [&hellip;]<\/p>\n","protected":false},"author":2,"featured_media":8751,"comment_status":"","ping_status":"","sticky":false,"template":"","format":"standard","meta":{"_monsterinsights_skip_tracking":false,"_monsterinsights_sitenote_active":false,"_monsterinsights_sitenote_note":"","_monsterinsights_sitenote_category":0,"footnotes":""},"categories":[6],"tags":[],"class_list":["post-8750","post","type-post","status-publish","format-standard","has-post-thumbnail","hentry","category-san-juan-del-rio"],"_links":{"self":[{"href":"https:\/\/informebajio.com.mx\/index.php?rest_route=\/wp\/v2\/posts\/8750","targetHints":{"allow":["GET"]}}],"collection":[{"href":"https:\/\/informebajio.com.mx\/index.php?rest_route=\/wp\/v2\/posts"}],"about":[{"href":"https:\/\/informebajio.com.mx\/index.php?rest_route=\/wp\/v2\/types\/post"}],"author":[{"embeddable":true,"href":"https:\/\/informebajio.com.mx\/index.php?rest_route=\/wp\/v2\/users\/2"}],"replies":[{"embeddable":true,"href":"https:\/\/informebajio.com.mx\/index.php?rest_route=%2Fwp%2Fv2%2Fcomments&post=8750"}],"version-history":[{"count":0,"href":"https:\/\/informebajio.com.mx\/index.php?rest_route=\/wp\/v2\/posts\/8750\/revisions"}],"wp:featuredmedia":[{"embeddable":true,"href":"https:\/\/informebajio.com.mx\/index.php?rest_route=\/wp\/v2\/media\/8751"}],"wp:attachment":[{"href":"https:\/\/informebajio.com.mx\/index.php?rest_route=%2Fwp%2Fv2%2Fmedia&parent=8750"}],"wp:term":[{"taxonomy":"category","embeddable":true,"href":"https:\/\/informebajio.com.mx\/index.php?rest_route=%2Fwp%2Fv2%2Fcategories&post=8750"},{"taxonomy":"post_tag","embeddable":true,"href":"https:\/\/informebajio.com.mx\/index.php?rest_route=%2Fwp%2Fv2%2Ftags&post=8750"}],"curies":[{"name":"wp","href":"https:\/\/api.w.org\/{rel}","templated":true}]}}