{"id":8762,"date":"2023-04-28T16:40:14","date_gmt":"2023-04-28T21:40:14","guid":{"rendered":"https:\/\/informebajio.com.mx\/?p=8762"},"modified":"2023-04-28T16:40:14","modified_gmt":"2023-04-28T21:40:14","slug":"sheinbaum-en-cumbre-de-denver","status":"publish","type":"post","link":"https:\/\/informebajio.com.mx\/?p=8762","title":{"rendered":"Sheinbaum, en cumbre de Denver"},"content":{"rendered":"<div id=\"content_nitf\">\n<p><em>Nueva York y Washington<\/em>. La ciencia junto con la \u00e9tica y los derechos sociales deben guiar el desarrollo sustentable hemisf\u00e9rico y planetario, afirm\u00f3 Claudia Sheinbaum como una de las dos oradoras principales en la inauguraci\u00f3n de la Cumbre de Ciudades de las Am\u00e9ricas en Denver.<\/p>\n<p>En esta primera cumbre de ciudades del hemisferio occidental, donde se espera la participaci\u00f3n de 4 mil personas de 35 pa\u00edses, entre ellos 250 alcaldes y l\u00edderes municipales de las Am\u00e9ricas, con el objetivo de abordar temas como cambio clim\u00e1tico, migraci\u00f3n y desarrollo urbano desde un enfoque de las ciudades.<\/p>\n<p>El acto fue convocado por el Departamento de Estado en el contexto de la Cumbre de las Am\u00e9ricas, donde la jefa de Gobierno de la Ciudad de M\u00e9xico, en la primera plenaria, ofreci\u00f3 una radiograf\u00eda de los logros y avances de su gobierno bajo el lema del \u201chumanismo mexicano\u201d, cuya meta es poner fin a \u201ctoda forma de discriminaci\u00f3n, de toda forma de corrupci\u00f3n, y promueve inversi\u00f3n en el marco del desarrollo con bienestar\u201d.<\/p>\n<p>Indic\u00f3 que hoy d\u00eda se procede \u201ccon optimismo de que otra realidad y otro mundo es posible, siempre y cuando recordemos que los retos ambientales no se enfrentan s\u00f3lo con pol\u00edticas ambientales, sino con la visi\u00f3n de que el desarrollo humano \u2013ojo, dije desarrollo y no crecimiento econ\u00f3mico\u2013 la justicia social y ambiental siempre van de la mano\u201d.<\/p>\n<p>En torno a la ciudad, dijo que se avanza en esa direcci\u00f3n al invertir en servicios p\u00fablicos, cultura y deporte, todo parte de un \u201cdesarrollo equitativo y sustentable\u201d en una ciudad. Detall\u00f3 c\u00f3mo todo esto se traduce en las acciones y pol\u00edticas de su gobierno, ofreciendo datos sobre las becas universales para los estudiantes en escuelas p\u00fablicas, la creaci\u00f3n de dos universidades, atenci\u00f3n a adultos mayores; \u201ces decir, los m\u00e1s vulnerables tienen apoyos\u201d.<\/p>\n<p>Sheinbaum particip\u00f3 en una segunda mesa enfocada a transporte y desarrollo sustentable, donde profundiz\u00f3 sobre los proyectos de movilidad como parte del desarrollo sustentable de la ciudad. Ah\u00ed acompa\u00f1\u00f3 en el di\u00e1logo a Claudia L\u00f3pez, alcaldesa de Bogot\u00e1, y algunos funcionarios municipales de Brasil y Ecuador, y representantes del Banco de Desarrollo de Am\u00e9rica Latina, anfitri\u00f3n de esa mesa.<\/p>\n<p>La cumbre tiene como metas que los alcaldes firmen una Declaraci\u00f3n de Denver sobre prioridades de la cooperaci\u00f3n regional, establecer una red de ciudadanos contra el racismo y una declaraci\u00f3n de \u201calcaldes por la democracia\u201d, entre otros.<\/p>\n<\/div>\n<p><script>\n      !function(f,b,e,v,n,t,s)\n      {if(f.fbq)return;n=f.fbq=function(){n.callMethod?\n      n.callMethod.apply(n,arguments):n.queue.push(arguments)};\n      if(!f._fbq)f._fbq=n;n.push=n;n.loaded=!0;n.version='2.0';\n      n.queue=[];t=b.createElement(e);t.async=!0;\n      t.src=v;s=b.getElementsByTagName(e)[0];\n      s.parentNode.insertBefore(t,s)}(window, document,'script',\n      'https:\/\/connect.facebook.net\/en_US\/fbevents.js');\n      fbq('init', '133913093805922');\n      fbq('track', 'PageView');\n      fbq('track', 'Contact');\n      fbq('track', 'Donate');\n      fbq('track', 'FindLocation');\n      fbq('track', 'Lead');\n      fbq('track', 'Search');\n      fbq('track', 'Subscribe', {value: '0.00', currency: 'MXN', predicted_ltv: '0.00'});\n      fbq('track', 'ViewContent');\n    <\/script><script type=\"text\/javascript\">(function(d, s, id) {\n\t  var js, fjs = d.getElementsByTagName(s)[0];\n\t  if (d.getElementById(id)) return;\n\t  js = d.createElement(s); js.id = id;\n\t  js.src = \"\/\/connect.facebook.net\/es_LA\/sdk.js#xfbml=1&amp;version=v3.3&amp;appId=774389309362880\";\n\t  fjs.parentNode.insertBefore(js, fjs);\n\t}(document, 'script', 'facebook-jssdk'));<\/script><\/p>\n","protected":false},"excerpt":{"rendered":"<p>Nueva York y Washington. La ciencia junto con la \u00e9tica y los derechos sociales deben guiar el desarrollo sustentable hemisf\u00e9rico y planetario, afirm\u00f3 Claudia Sheinbaum como una de las dos oradoras principales en la inauguraci\u00f3n de la Cumbre de Ciudades de las Am\u00e9ricas en Denver. En esta primera cumbre de ciudades del hemisferio occidental, donde [&hellip;]<\/p>\n","protected":false},"author":2,"featured_media":8763,"comment_status":"","ping_status":"","sticky":false,"template":"","format":"standard","meta":{"_monsterinsights_skip_tracking":false,"_monsterinsights_sitenote_active":false,"_monsterinsights_sitenote_note":"","_monsterinsights_sitenote_category":0,"footnotes":""},"categories":[9],"tags":[],"class_list":["post-8762","post","type-post","status-publish","format-standard","has-post-thumbnail","hentry","category-deportes"],"_links":{"self":[{"href":"https:\/\/informebajio.com.mx\/index.php?rest_route=\/wp\/v2\/posts\/8762","targetHints":{"allow":["GET"]}}],"collection":[{"href":"https:\/\/informebajio.com.mx\/index.php?rest_route=\/wp\/v2\/posts"}],"about":[{"href":"https:\/\/informebajio.com.mx\/index.php?rest_route=\/wp\/v2\/types\/post"}],"author":[{"embeddable":true,"href":"https:\/\/informebajio.com.mx\/index.php?rest_route=\/wp\/v2\/users\/2"}],"replies":[{"embeddable":true,"href":"https:\/\/informebajio.com.mx\/index.php?rest_route=%2Fwp%2Fv2%2Fcomments&post=8762"}],"version-history":[{"count":0,"href":"https:\/\/informebajio.com.mx\/index.php?rest_route=\/wp\/v2\/posts\/8762\/revisions"}],"wp:featuredmedia":[{"embeddable":true,"href":"https:\/\/informebajio.com.mx\/index.php?rest_route=\/wp\/v2\/media\/8763"}],"wp:attachment":[{"href":"https:\/\/informebajio.com.mx\/index.php?rest_route=%2Fwp%2Fv2%2Fmedia&parent=8762"}],"wp:term":[{"taxonomy":"category","embeddable":true,"href":"https:\/\/informebajio.com.mx\/index.php?rest_route=%2Fwp%2Fv2%2Fcategories&post=8762"},{"taxonomy":"post_tag","embeddable":true,"href":"https:\/\/informebajio.com.mx\/index.php?rest_route=%2Fwp%2Fv2%2Ftags&post=8762"}],"curies":[{"name":"wp","href":"https:\/\/api.w.org\/{rel}","templated":true}]}}