{"id":8768,"date":"2023-04-28T17:25:36","date_gmt":"2023-04-28T22:25:36","guid":{"rendered":"https:\/\/informebajio.com.mx\/?p=8768"},"modified":"2023-04-28T17:25:36","modified_gmt":"2023-04-28T22:25:36","slug":"propuesta-de-recorte-de-horas-laborales-obedece-mas-a-una-precampana-ismael-plascencia","status":"publish","type":"post","link":"https:\/\/informebajio.com.mx\/?p=8768","title":{"rendered":"Propuesta de recorte de horas laborales obedece m\u00e1s a una precampa\u00f1a: Ismael Plascencia"},"content":{"rendered":"<div id=\"content-body-5851641-9986692\">\n<p>Le\u00f3n, Gto.-<b> El presidente de la Confederaci\u00f3n de C\u00e1maras Industriales (Concam\u00edn) en el Baj\u00edo, Ismael Plascencia N\u00fa\u00f1ez, dijo que la propuesta en el Congreso de la Uni\u00f3n para recortar las horas laborales de 48 a 40 para el sector trabajador en M\u00e9xico, obedece m\u00e1s a una precampa\u00f1a electoral.<\/b><\/p>\n<p><b>\u27a1 <u><a rel=\"Follow noopener\" target=\"_blank\" href=\"https:\/\/oem.pressreader.com\/el-sol-de-leon\">Suscr\u00edbete a nuestra edici\u00f3n digital<\/a><\/u><\/b><\/p>\n<p>El empresario dijo que tambi\u00e9n puede tratarse de un distractor por todo lo que est\u00e1 ocurriendo en el pa\u00eds y por lo que viene en los pr\u00f3ximos meses: <b><i>\u201cM\u00e1s que sacada de la manga la est\u00e1n agarrando ahorita por todo lo que viene y lo que est\u00e1 sucediendo en nuestro pa\u00eds, entonces sacan esto para poder tener precampa\u00f1a, distracci\u00f3n, etc\u00e9tera\u201d<\/i><\/b>, dijo. <\/p>\n<p>En materia econ\u00f3mica, Ismael Plascencia N\u00fa\u00f1ez, coment\u00f3 que de aprobarse esta iniciativa que por el momento qued\u00f3 frenada, la afectaci\u00f3n no s\u00f3lo ser\u00eda para los empresarios sino para la sociedad en general por la inflaci\u00f3n que se generar\u00eda.<\/p>\n<p>En cuanto a las empresas, explic\u00f3 que tambi\u00e9n les afectar\u00eda porque tendr\u00edan que incrementar sus costos y muchas de ellas ya no podr\u00edan soportar tanto por el arrastre que traen desde el 2020.<\/p>\n<p><b><i>\u201cA final de cuentas afecta no s\u00f3lo al sector empresarial, afecta a toda la econom\u00eda porque esas ocho horas que te dejan de trabajar y est\u00e1n pagadas porque as\u00ed lo traes t\u00fa considerado en tu costo, tienes que incrementar a tus costos, no hay de otra, no puedes ya soportar tanto, la inflaci\u00f3n ha estado muy fuerte y t\u00fa no puedes impactar toda la inflaci\u00f3n porque si lo impacta no vendes y con esta es un golpe fuerte para la industria en general\u201d,<\/i><\/b> coment\u00f3.<\/p>\n<p>En este sentido, se\u00f1al\u00f3 que no son los momentos para que en M\u00e9xico entre una iniciativa como esta, pues adem\u00e1s, los congresistas hacen comparaciones con pa\u00edses desarrollados de primer mundo donde la productividad es diferente a la de los mexicanos.<\/p>\n<p><b><i>\u201cLos momentos no son porque la inflaci\u00f3n est\u00e1 brutal, la econom\u00eda no est\u00e1 como deber\u00eda, si bien se ha mejorado a niveles pre pandemia, pero nos est\u00e1 faltando mucho todav\u00eda, luego muchas veces queremos hacer como los pa\u00edses desarrollados cuando no estamos igual que ellos, entonces tenemos que competir en igualdad de circunstancias\u201d, <\/i><\/b>agreg\u00f3.<\/p>\n<p>Sin embargo, tras una discusi\u00f3n en<b> San L\u00e1zaro,<\/b> los diputados y diputadas determinaron que la iniciativa no se va a discutir hasta septiembre de este a\u00f1o porque no tienen tiempo para agendarla, concluy\u00f3.<\/p>\n<\/div>\n<p><script>(function(d, s, id) {\nvar js, fjs = d.getElementsByTagName(s)[0];\nif (d.getElementById(id)) return;\njs = d.createElement(s); js.id = id;\njs.src = 'https:\/\/connect.facebook.net\/es_LA\/sdk.js#xfbml=1&version=v3.2&appId=899106460676237&autoLogAppEvents=1';\nfjs.parentNode.insertBefore(js, fjs);\n}(document, 'script', 'facebook-jssdk'));\n<\/script><\/p>\n","protected":false},"excerpt":{"rendered":"<p>Le\u00f3n, Gto.- El presidente de la Confederaci\u00f3n de C\u00e1maras Industriales (Concam\u00edn) en el Baj\u00edo, Ismael Plascencia N\u00fa\u00f1ez, dijo que la propuesta en el Congreso de la Uni\u00f3n para recortar las horas laborales de 48 a 40 para el sector trabajador en M\u00e9xico, obedece m\u00e1s a una precampa\u00f1a electoral. \u27a1 Suscr\u00edbete a nuestra edici\u00f3n digital El [&hellip;]<\/p>\n","protected":false},"author":2,"featured_media":8769,"comment_status":"","ping_status":"","sticky":false,"template":"","format":"standard","meta":{"_monsterinsights_skip_tracking":false,"_monsterinsights_sitenote_active":false,"_monsterinsights_sitenote_note":"","_monsterinsights_sitenote_category":0,"footnotes":""},"categories":[8],"tags":[],"class_list":["post-8768","post","type-post","status-publish","format-standard","has-post-thumbnail","hentry","category-guanajuato"],"_links":{"self":[{"href":"https:\/\/informebajio.com.mx\/index.php?rest_route=\/wp\/v2\/posts\/8768","targetHints":{"allow":["GET"]}}],"collection":[{"href":"https:\/\/informebajio.com.mx\/index.php?rest_route=\/wp\/v2\/posts"}],"about":[{"href":"https:\/\/informebajio.com.mx\/index.php?rest_route=\/wp\/v2\/types\/post"}],"author":[{"embeddable":true,"href":"https:\/\/informebajio.com.mx\/index.php?rest_route=\/wp\/v2\/users\/2"}],"replies":[{"embeddable":true,"href":"https:\/\/informebajio.com.mx\/index.php?rest_route=%2Fwp%2Fv2%2Fcomments&post=8768"}],"version-history":[{"count":0,"href":"https:\/\/informebajio.com.mx\/index.php?rest_route=\/wp\/v2\/posts\/8768\/revisions"}],"wp:featuredmedia":[{"embeddable":true,"href":"https:\/\/informebajio.com.mx\/index.php?rest_route=\/wp\/v2\/media\/8769"}],"wp:attachment":[{"href":"https:\/\/informebajio.com.mx\/index.php?rest_route=%2Fwp%2Fv2%2Fmedia&parent=8768"}],"wp:term":[{"taxonomy":"category","embeddable":true,"href":"https:\/\/informebajio.com.mx\/index.php?rest_route=%2Fwp%2Fv2%2Fcategories&post=8768"},{"taxonomy":"post_tag","embeddable":true,"href":"https:\/\/informebajio.com.mx\/index.php?rest_route=%2Fwp%2Fv2%2Ftags&post=8768"}],"curies":[{"name":"wp","href":"https:\/\/api.w.org\/{rel}","templated":true}]}}