{"id":8772,"date":"2023-04-28T18:20:36","date_gmt":"2023-04-28T23:20:36","guid":{"rendered":"https:\/\/informebajio.com.mx\/?p=8772"},"modified":"2023-04-28T18:20:36","modified_gmt":"2023-04-28T23:20:36","slug":"sin-paros-tecnicos-armadoras-de-guanajuato","status":"publish","type":"post","link":"https:\/\/informebajio.com.mx\/?p=8772","title":{"rendered":"Sin paros t\u00e9cnicos armadoras de Guanajuato"},"content":{"rendered":"<div id=\"content-body-5851641-9985010\">\n<p><b>CELAYA, Gto.-<\/b> A diferencia de la planta de <b>Volkswagen de Puebla<\/b> que a partir del pasado lunes inici\u00f3 un <b>paro t\u00e9cnico de un mes por la falta de componentes;<\/b> las <b>armadoras de Honda y Toyota<\/b> <b>no prev\u00e9n suspensi\u00f3n de actividades,<\/b> sino, al contrario, como lo han se\u00f1alado en distintos momentos, <b>contin\u00faan mejorando las metas de producci\u00f3n y ventas.<\/b> <\/p>\n<p><b><a href=\"http:\/\/oem.pressreader.com\/el-sol-de-bajio\" target=\"_self\" rel=\"Follow noopener\">\u27a1\ufe0fSuscr\u00edbete a nuestra edici\u00f3n digital<\/a><\/b><\/p>\n<p>El \u00e1rea de <b>Comunicaci\u00f3n de Honda Celaya,<\/b> confirm\u00f3 que no tienen reportada <b>ninguna interrupci\u00f3n<\/b> en ninguna de las dos plantas de <b>Honda del pa\u00eds,<\/b> como es la de este municipio, y la de <b>El Salto,<\/b> <b>Jalisco.<\/b> Y reiteraron que <b>no existe reporte de paro t\u00e9cnico o actividad asociada,<\/b> por lo que hasta el momento todo marcha de manera normal.<\/p>\n<p>En el caso de <b>Toyota,<\/b> tambi\u00e9n report\u00f3 que la planta contin\u00faa en marcha de forma normal, con los empleados entrando y saliendo en sus distintos horarios, y la maquinaria funcionando sin problema alguno. <\/p>\n<p>Como parte de sus reportes de \u00e9xito, <b>Honda de M\u00e9xico<\/b> dio a conocer sus ventas durante el mes de marzo, destacando el <b>modelo de gran demanda en M\u00e9xico, Honda HR-V,<\/b> orgullosamente producida en la planta de <b>Celaya,<\/b> tuvo una mayor comercializaci\u00f3n en marzo, logrando ventas por <b>1,015 unidades,<\/b> con lo que llega en el acumulado del a\u00f1o a <b>2,112 unidades.<\/b><\/p>\n<p>Tambi\u00e9n anunci\u00f3 la totalmente nueva generaci\u00f3n de su producto estrella, <b>Honda CR-V,<\/b> que sigue acaparando la atenci\u00f3n del mercado y logra un buen ritmo de crecimiento en marzo, manteni\u00e9ndola entre las <b>10 SUV\u00b4s m\u00e1s vendidas en el pa\u00eds,<\/b> como ha sido desde su llegada al mercado en <b>2002.<\/b><\/p>\n<p><b>Honda<\/b> coloc\u00f3 un total de <b>3,274 unidades en marzo,<\/b> que significan un <b>crecimiento de 39.6%<\/b> sobre febrero de <b>2023,<\/b> mientras que en el acumulado del a\u00f1o lleg\u00f3 a <b>8,798 unidades.<\/b> Conforme se sigue reestableciendo la producci\u00f3n alrededor del mundo, se estima seguir incrementando ventas para la marca.<\/p>\n<p>Por lo anterior, las <b>dos plantas que Honda tiene en M\u00e9xico, <\/b>as\u00ed como la de <b>Estados Unidos <\/b>y el resto del mundo, indica que <b>no hay problemas de desabasto de componentes <\/b>que puedan originar un paro t\u00e9cnico, y que tanto el personal operativo como administrativo, trabajan de forma normal. Este mismo panorama se encuentra en <b>Toyota, ubicada en Apaseo el Grande. <\/b><\/p>\n<h2><b><i>CONTEXTO <\/i><\/b><\/h2>\n<p>En el diario <b>El Sol de Puebla,<\/b> del pasado <b>domingo 23 de abril,<\/b> se inform\u00f3 que la empresa <b>Volkswagen M\u00e9xico<\/b> ubicada en el estado de <b>Puebla program\u00f3 un paro t\u00e9cnico de actividades<\/b> <b>durante un mes por falta de componentes,<\/b> entre los que destacan <b>semiconductores, volantes, asientos y aparatos el\u00e9ctricos.<\/b><\/p>\n<p>De acuerdo con un comunicado que emiti\u00f3 el Sindicato Independiente de Trabajadores de la Industria Automotriz Volkswagen <b>(Sitiavw),<\/b> la suspensi\u00f3n de actividades inici\u00f3 este <b>lunes 24 de<\/b> <b>abril en el segmento 2,<\/b> donde se elabora el modelo <b>Tiguan,<\/b> y retomar\u00e1n labores hasta el pr\u00f3ximo <b>21 de mayo.<\/b><\/p>\n<p>Este <b>ser\u00e1 uno de los paros m\u00e1s prolongados en la f\u00e1brica de la compa\u00f1\u00eda en lo que va de este 2023,<\/b> y podr\u00eda extenderse en caso de que no se garanticen los equipos y materiales suficientes para que los obreros puedan laborar.<\/p>\n<p>Por su parte, el <b>segmento 3,<\/b> dedicado a la manufactura de la camioneta <b>Taos,<\/b> <b>suspender\u00e1 labores<\/b> <b>solo dos semanas,<\/b> es decir, desde el <b>pasado lunes al pr\u00f3ximo 8 de mayo.<\/b><\/p>\n<p>En las plantas de <b>Honda, en Celaya y El Salto, Jal.,<\/b> as\u00ed como la planta <b>Toyota, en Apaseo el Grande,<\/b> el panorama es otro, estable tanto para operadores como personal administrativo.<\/p>\n<\/div>\n<p><script>(function(d, s, id) {\nvar js, fjs = d.getElementsByTagName(s)[0];\nif (d.getElementById(id)) return;\njs = d.createElement(s); js.id = id;\njs.src = 'https:\/\/connect.facebook.net\/es_LA\/sdk.js#xfbml=1&version=v3.2&appId=899106460676237&autoLogAppEvents=1';\nfjs.parentNode.insertBefore(js, fjs);\n}(document, 'script', 'facebook-jssdk'));\n<\/script><\/p>\n","protected":false},"excerpt":{"rendered":"<p>CELAYA, Gto.- A diferencia de la planta de Volkswagen de Puebla que a partir del pasado lunes inici\u00f3 un paro t\u00e9cnico de un mes por la falta de componentes; las armadoras de Honda y Toyota no prev\u00e9n suspensi\u00f3n de actividades, sino, al contrario, como lo han se\u00f1alado en distintos momentos, contin\u00faan mejorando las metas de [&hellip;]<\/p>\n","protected":false},"author":2,"featured_media":8773,"comment_status":"","ping_status":"","sticky":false,"template":"","format":"standard","meta":{"_monsterinsights_skip_tracking":false,"_monsterinsights_sitenote_active":false,"_monsterinsights_sitenote_note":"","_monsterinsights_sitenote_category":0,"footnotes":""},"categories":[8],"tags":[],"class_list":["post-8772","post","type-post","status-publish","format-standard","has-post-thumbnail","hentry","category-guanajuato"],"_links":{"self":[{"href":"https:\/\/informebajio.com.mx\/index.php?rest_route=\/wp\/v2\/posts\/8772","targetHints":{"allow":["GET"]}}],"collection":[{"href":"https:\/\/informebajio.com.mx\/index.php?rest_route=\/wp\/v2\/posts"}],"about":[{"href":"https:\/\/informebajio.com.mx\/index.php?rest_route=\/wp\/v2\/types\/post"}],"author":[{"embeddable":true,"href":"https:\/\/informebajio.com.mx\/index.php?rest_route=\/wp\/v2\/users\/2"}],"replies":[{"embeddable":true,"href":"https:\/\/informebajio.com.mx\/index.php?rest_route=%2Fwp%2Fv2%2Fcomments&post=8772"}],"version-history":[{"count":0,"href":"https:\/\/informebajio.com.mx\/index.php?rest_route=\/wp\/v2\/posts\/8772\/revisions"}],"wp:featuredmedia":[{"embeddable":true,"href":"https:\/\/informebajio.com.mx\/index.php?rest_route=\/wp\/v2\/media\/8773"}],"wp:attachment":[{"href":"https:\/\/informebajio.com.mx\/index.php?rest_route=%2Fwp%2Fv2%2Fmedia&parent=8772"}],"wp:term":[{"taxonomy":"category","embeddable":true,"href":"https:\/\/informebajio.com.mx\/index.php?rest_route=%2Fwp%2Fv2%2Fcategories&post=8772"},{"taxonomy":"post_tag","embeddable":true,"href":"https:\/\/informebajio.com.mx\/index.php?rest_route=%2Fwp%2Fv2%2Ftags&post=8772"}],"curies":[{"name":"wp","href":"https:\/\/api.w.org\/{rel}","templated":true}]}}