{"id":8800,"date":"2023-04-29T06:28:37","date_gmt":"2023-04-29T11:28:37","guid":{"rendered":"https:\/\/informebajio.com.mx\/?p=8800"},"modified":"2023-04-29T06:28:37","modified_gmt":"2023-04-29T11:28:37","slug":"muere-nina-al-caerle-arbol-en-jacona-cedh-abre-queja","status":"publish","type":"post","link":"https:\/\/informebajio.com.mx\/?p=8800","title":{"rendered":"Muere ni\u00f1a al caerle \u00e1rbol en Jacona; CEDH abre queja"},"content":{"rendered":"<div id=\"content-body-225-9983184\">\n<p>Zamora, Michoac\u00e1n (OEM-Infomex).-La <b>Comisi\u00f3n Estatal de los Derechos Humanos (CEDH<\/b>) abri\u00f3 una <b>queja de ofici<\/b>o en contra del ayuntamiento de<b> Jacona<\/b>, luego de que el pasado <b>24 de abril<\/b> una<b> menor de edad falleci\u00f3 al caerle un \u00e1rbol en la Presa de la Lu<\/b>z. <\/p>\n<p>En un breve comunicado, se inform\u00f3 que la <b>Visitadur\u00eda Regional de Zamora <\/b>dio tr\u00e1mite a la queja por <b>violaci\u00f3n a los Derechos<\/b> <b>Humanos <\/b>en cuanto a la buena administraci\u00f3n y preservar la vida humana. La <b>investigaci\u00f3n ser\u00e1 dirigida hacia la autoridad encargada de Parques y Jardines en el ayuntamiento<\/b>, cuyo alcalde es Isidoro Mosqueda Estrada. <\/p>\n<p><b>La ni\u00f1a se encontraba con su familia cuando el \u00e1rbol se vino abajo<\/b>, cay\u00e9ndole por completo y ocasion\u00e1ndole m\u00faltiples <b>lesiones<\/b>. Aunque fue llevada de inmediato a un <b>hospital de Zamora<\/b>, <b>perdi\u00f3 la vida<\/b> m\u00e1s tarde. <\/p>\n<p>Elementos de la Fiscal\u00eda General del Estado (FGE) tambi\u00e9n acudieron al lugar para hacer las respectivas investigaciones, as\u00ed como la pr\u00e1ctica de la necropsia. Hasta el momento, el ayuntamiento no ha dado un posicionamiento en sus canales oficiales.<\/p>\n<\/div>\n<p><script>(function(d, s, id) {\nvar js, fjs = d.getElementsByTagName(s)[0];\nif (d.getElementById(id)) return;\njs = d.createElement(s); js.id = id;\njs.src = 'https:\/\/connect.facebook.net\/es_LA\/sdk.js#xfbml=1&version=v3.2&appId=2304818722879035&autoLogAppEvents=1';\nfjs.parentNode.insertBefore(js, fjs);\n}(document, 'script', 'facebook-jssdk'));\n<\/script><\/p>\n","protected":false},"excerpt":{"rendered":"<p>Zamora, Michoac\u00e1n (OEM-Infomex).-La Comisi\u00f3n Estatal de los Derechos Humanos (CEDH) abri\u00f3 una queja de oficio en contra del ayuntamiento de Jacona, luego de que el pasado 24 de abril una menor de edad falleci\u00f3 al caerle un \u00e1rbol en la Presa de la Luz. En un breve comunicado, se inform\u00f3 que la Visitadur\u00eda Regional de [&hellip;]<\/p>\n","protected":false},"author":2,"featured_media":8801,"comment_status":"","ping_status":"","sticky":false,"template":"","format":"standard","meta":{"_monsterinsights_skip_tracking":false,"_monsterinsights_sitenote_active":false,"_monsterinsights_sitenote_note":"","_monsterinsights_sitenote_category":0,"footnotes":""},"categories":[7],"tags":[],"class_list":["post-8800","post","type-post","status-publish","format-standard","has-post-thumbnail","hentry","category-michoacan"],"_links":{"self":[{"href":"https:\/\/informebajio.com.mx\/index.php?rest_route=\/wp\/v2\/posts\/8800","targetHints":{"allow":["GET"]}}],"collection":[{"href":"https:\/\/informebajio.com.mx\/index.php?rest_route=\/wp\/v2\/posts"}],"about":[{"href":"https:\/\/informebajio.com.mx\/index.php?rest_route=\/wp\/v2\/types\/post"}],"author":[{"embeddable":true,"href":"https:\/\/informebajio.com.mx\/index.php?rest_route=\/wp\/v2\/users\/2"}],"replies":[{"embeddable":true,"href":"https:\/\/informebajio.com.mx\/index.php?rest_route=%2Fwp%2Fv2%2Fcomments&post=8800"}],"version-history":[{"count":0,"href":"https:\/\/informebajio.com.mx\/index.php?rest_route=\/wp\/v2\/posts\/8800\/revisions"}],"wp:featuredmedia":[{"embeddable":true,"href":"https:\/\/informebajio.com.mx\/index.php?rest_route=\/wp\/v2\/media\/8801"}],"wp:attachment":[{"href":"https:\/\/informebajio.com.mx\/index.php?rest_route=%2Fwp%2Fv2%2Fmedia&parent=8800"}],"wp:term":[{"taxonomy":"category","embeddable":true,"href":"https:\/\/informebajio.com.mx\/index.php?rest_route=%2Fwp%2Fv2%2Fcategories&post=8800"},{"taxonomy":"post_tag","embeddable":true,"href":"https:\/\/informebajio.com.mx\/index.php?rest_route=%2Fwp%2Fv2%2Ftags&post=8800"}],"curies":[{"name":"wp","href":"https:\/\/api.w.org\/{rel}","templated":true}]}}