{"id":8802,"date":"2023-04-29T06:28:40","date_gmt":"2023-04-29T11:28:40","guid":{"rendered":"https:\/\/informebajio.com.mx\/?p=8802"},"modified":"2023-04-29T06:28:40","modified_gmt":"2023-04-29T11:28:40","slug":"martes-ciudadano-en-centro-historico","status":"publish","type":"post","link":"https:\/\/informebajio.com.mx\/?p=8802","title":{"rendered":"Martes ciudadano en Centro Hist\u00f3rico"},"content":{"rendered":"<div id=\"content-body-5851641-9967492\">\n<p><b>A partir de las 08:00 y hasta las 13:00 horas de este 25 de abril, <\/b>se llevar\u00e1 a cabo el<b> programa denominado <a rel=\"Follow noopener\" target=\"_self\" href=\"https:\/\/www.elsoldesanjuandelrio.com.mx\/local\/martes-ciudadano-sera-semanal-en-san-juan-del-rio-9935240.html\">\u201cmartes ciudadano\u201d<\/a><\/b> en la explanada del jard\u00edn Independencia en el <b>municipio de San Juan del R\u00edo<\/b>, acto encabezado por el alcalde <b>Roberto Carlos Cabrera Valencia.<\/b><\/p>\n<p>En esta ocasi\u00f3n, las fichas se comenzar\u00e1n a <b>repartir a las 07:30 horas,<\/b> ah\u00ed el personal de Atenci\u00f3n Ciudadana estar\u00e1 direccionando las peticiones de los sanjuanenses a las dependencias que estar\u00e1n dispuestas en mesas para recibir las necesidades y quejas de parte de la ciudadan\u00eda.<\/p>\n<p>Para este programa salen dependencias como las diferentes secretar\u00edas, entre las que destacan<b> Obras P\u00fablicas, servicios Municipales, de Gobierno, Finanzas, de Participaci\u00f3n Ciudadana, as\u00ed como las direcciones de Cultura, Deporte, Juventud y Protecci\u00f3n Civil.<\/b><\/p>\n<p>Regularmente en este programa se entregan en <b>350 y 250 fichas para las diferentes \u00e1reas del Gobierno Municipal,<\/b> en donde destacan principalmente las necesidades para fortalecer la seguridad en las colonias y comunidades, adem\u00e1s de las necesidades de obra.<\/p>\n<p>A partir de la semana pasada el presidente municipal<b> Roberto Carlos Cabrera Valencia<\/b> inform\u00f3 que, los Martes Ciudadanos se estar\u00e1n llevando a cabo de manera semanal y no quincenalmente como cuando comenzaron, esto derivado de la ampliaci\u00f3n de servicios que quieren hacer y con ello otorgar f\u00e1cil respuesta.<\/p>\n<p>Es necesario mencionar que, de acuerdo con la titular de Atenci\u00f3n Ciudadana, Martha Romero Ch\u00e1vez en la pasada edici\u00f3n que <b>se llev\u00f3 a cabo en la colonia Haciendas San Juan en el oriente del municipio<\/b>, este fue uno de los espacios que tuvo mayor afluencia de gente en cuanto a las necesidades a exponer de parte de los habitantes de esta regi\u00f3n que tambi\u00e9n se conoce como Nuevo Oriente.<\/p>\n<p><b id=\"docs-internal-guid-3e0d4790-7fff-bbe8-4128-d2e0418afc1e\"><b>\u27a1\ufe0f <\/b><a href=\"https:\/\/oem.us16.list-manage.com\/subscribe?u=c04a811ee61dc85305bf7133b&amp;id=f1b85ee5bb\"><b><u>Suscr\u00edbete a nuestro Newsletter y recibe las notas m\u00e1s relevantes en tu correo<\/u><\/b><\/a><\/b><\/p>\n<p>Y que, fue por lo anterior, fue que se tom\u00f3 la decisi\u00f3n de la periodicidad del programa el cual encabeza el alcalde Roberto Carlos Cabrera Valencia acompa\u00f1ado de gran parte de su gabinete operativo.<\/p>\n<\/div>\n<p><script>(function(d, s, id) {\nvar js, fjs = d.getElementsByTagName(s)[0];\nif (d.getElementById(id)) return;\njs = d.createElement(s); js.id = id;\njs.src = 'https:\/\/connect.facebook.net\/es_LA\/sdk.js#xfbml=1&version=v3.2&appId=232029482016746&autoLogAppEvents=1';\nfjs.parentNode.insertBefore(js, fjs);\n}(document, 'script', 'facebook-jssdk'));\n<\/script><\/p>\n","protected":false},"excerpt":{"rendered":"<p>A partir de las 08:00 y hasta las 13:00 horas de este 25 de abril, se llevar\u00e1 a cabo el programa denominado \u201cmartes ciudadano\u201d en la explanada del jard\u00edn Independencia en el municipio de San Juan del R\u00edo, acto encabezado por el alcalde Roberto Carlos Cabrera Valencia. En esta ocasi\u00f3n, las fichas se comenzar\u00e1n a [&hellip;]<\/p>\n","protected":false},"author":2,"featured_media":8803,"comment_status":"","ping_status":"","sticky":false,"template":"","format":"standard","meta":{"_monsterinsights_skip_tracking":false,"_monsterinsights_sitenote_active":false,"_monsterinsights_sitenote_note":"","_monsterinsights_sitenote_category":0,"footnotes":""},"categories":[6],"tags":[],"class_list":["post-8802","post","type-post","status-publish","format-standard","has-post-thumbnail","hentry","category-san-juan-del-rio"],"_links":{"self":[{"href":"https:\/\/informebajio.com.mx\/index.php?rest_route=\/wp\/v2\/posts\/8802","targetHints":{"allow":["GET"]}}],"collection":[{"href":"https:\/\/informebajio.com.mx\/index.php?rest_route=\/wp\/v2\/posts"}],"about":[{"href":"https:\/\/informebajio.com.mx\/index.php?rest_route=\/wp\/v2\/types\/post"}],"author":[{"embeddable":true,"href":"https:\/\/informebajio.com.mx\/index.php?rest_route=\/wp\/v2\/users\/2"}],"replies":[{"embeddable":true,"href":"https:\/\/informebajio.com.mx\/index.php?rest_route=%2Fwp%2Fv2%2Fcomments&post=8802"}],"version-history":[{"count":0,"href":"https:\/\/informebajio.com.mx\/index.php?rest_route=\/wp\/v2\/posts\/8802\/revisions"}],"wp:featuredmedia":[{"embeddable":true,"href":"https:\/\/informebajio.com.mx\/index.php?rest_route=\/wp\/v2\/media\/8803"}],"wp:attachment":[{"href":"https:\/\/informebajio.com.mx\/index.php?rest_route=%2Fwp%2Fv2%2Fmedia&parent=8802"}],"wp:term":[{"taxonomy":"category","embeddable":true,"href":"https:\/\/informebajio.com.mx\/index.php?rest_route=%2Fwp%2Fv2%2Fcategories&post=8802"},{"taxonomy":"post_tag","embeddable":true,"href":"https:\/\/informebajio.com.mx\/index.php?rest_route=%2Fwp%2Fv2%2Ftags&post=8802"}],"curies":[{"name":"wp","href":"https:\/\/api.w.org\/{rel}","templated":true}]}}