{"id":8826,"date":"2023-04-29T18:34:21","date_gmt":"2023-04-29T23:34:21","guid":{"rendered":"https:\/\/informebajio.com.mx\/?p=8826"},"modified":"2023-04-29T18:34:21","modified_gmt":"2023-04-29T23:34:21","slug":"reconoce-javier-mendoza-marquez-esfuerzos-de-empresas","status":"publish","type":"post","link":"https:\/\/informebajio.com.mx\/?p=8826","title":{"rendered":"Reconoce Javier Mendoza M\u00e1rquez esfuerzos de empresas"},"content":{"rendered":"<div id=\"content-body-5851641-9985247\">\n<p><b>CELAYA, Gto. (OEM-Informex).-<\/b> Durante la inauguraci\u00f3n del <b>Congreso Internacional de Talento<\/b> <b>\u201cConciliaci\u00f3n y Flexibilidad, el Futuro Laboral\u201d,<\/b> el presidente municipal, <b>Javier Mendoza M\u00e1rquez<\/b> afirm\u00f3 que solo a trav\u00e9s de la <b>capacitaci\u00f3n y la actualizaci\u00f3n,<\/b> las empresas lograr\u00e1n enfrentar los retos y adaptarse a las circunstancias.<\/p>\n<p><b><a href=\"http:\/\/oem.pressreader.com\/el-sol-de-bajio\" target=\"_self\" rel=\"Follow noopener\">\u27a1\ufe0fSuscr\u00edbete a nuestra edici\u00f3n digital<\/a><\/b><\/p>\n<p>El primer edil reconoci\u00f3 el esfuerzo de las empresas locales y de la regi\u00f3n, para mejorar su productividad y <b>ofrecer mayores beneficios a sus trabajadores.<\/b><\/p>\n<p><b><br \/><\/b><\/p>\n<p>El <b>Congreso Internacional de Talento<\/b> es organizado por la Asociaci\u00f3n de Recursos Humanos <b>AERIBAC, los d\u00edas 27 y 28 de abril,<\/b> con una serie de conferencias, talleres y paneles dirigidos a los encargados de captar talento para las empresas.<\/p>\n<p> <b>\u201cEstoy cierto que solo a trav\u00e9s de la capacitaci\u00f3n, de buscar el conocimiento y la actualizaci\u00f3n de competencias es como habremos de enfrentar los retos que nos presenta la modernizaci\u00f3n que de manera vertiginosa viene revolucionando a las empresas, es por lo anterior que me da un enorme gusto que las m\u00e1s de 80 empresas asociadas a ERIBAC se han unido, por sexto a\u00f1o consecutivo, para organizar este Congreso Internacional de Talento 2023\u201d,<\/b> dijo el primer edil ante un <b>Teatro de la Ciudad<\/b> lleno por representantes de empresas de <b>Celaya y la regi\u00f3n.<\/b> <\/p>\n<p><b><br \/><\/b><\/p>\n<p>Destac\u00f3 que la finalidad es buscar actualizaciones, toda vez que el mundo laboral se encuentra evolucionando a un ritmo acelerado, por lo que <b>se necesita estar preparados para las nuevas tendencias en gesti\u00f3n, en atracci\u00f3n, desarrollo de talento.<\/b><\/p>\n<p><b>\u201cNecesitamos contar con empresas m\u00e1s productivas y por consecuencia que se generen mayores beneficios para sus colaboradores y su fuerza laboral\u201d,<\/b> afirm\u00f3.<\/p>\n<p>En la inauguraci\u00f3n del <b>Congreso Internacional de Talento \u201cConciliaci\u00f3n y Flexibilidad, el Futuro Laboral\u201d,<\/b> particip\u00f3 el presidente de <b>AERIBAC, Augusto C\u00e9sar Revuelta,<\/b> quien en su mensaje precis\u00f3 que, al hablar de talento, hay tres premisas: <b>enfrentar los retos, salir adelante y ayudar al pr\u00f3jimo;<\/b> y como ejemplo, habl\u00f3 del alcalde <b>Mendoza M\u00e1rquez.<\/b> <\/p>\n<p>Para ahondar en el <b>concepto de talento,<\/b> dijo que es necesario reconocerlo, saber para qu\u00e9 se es bueno, potencializarlo, prepararse, y ponerlo al servicio a los dem\u00e1s.<\/p>\n<p><b>\u201cHoy nuestro lema es flexibilidad y conciliaci\u00f3n, dos palabras que seguramente en los \u00faltimos a\u00f1os hemos escuchado con mayor frecuencia. Pero hoy tienen mayor relevancia por el impacto que hemos tenido en nuestra sociedad. La flexibilidad, como camino de adaptaci\u00f3n al cambio, tener la sensibilidad de reconocer que hoy, cada una de nuestras generaciones, tiene diferentes necesidades\u201d,<\/b> se\u00f1al\u00f3. <\/p>\n<p>Enfatiz\u00f3 que las <b>relaciones humanas <\/b>no solamente se centran en el individuo, sino que se debe ampliar esa influencia hacia la familia y la comunidad; y que no solamente sea un departamento de servicio, sino en convertirse en un socio estrat\u00e9gico de negocio, para que se hable de productividad, permanencia, promoviendo la <b>inclusi\u00f3n, la equidad y la igualdad;<\/b> buscando siempre el mejor ambiente y la paz laboral. Y de aqu\u00ed se desprende la conciliaci\u00f3n. <\/p>\n<p><b>\u201cTrabajemos en evitar conflictos, respetar los contratos colectivos, busquemos el di\u00e1logo permanente de todas las partes involucradas. La colectividad de nuestras acciones es importante, pero sobre todo dar ese paso hacia adelante de nuestras empresas y organizaciones que hoy m\u00e1s que nunca lo necesitan\u201d,<\/b> concluy\u00f3. <\/p>\n<\/div>\n<p><script>(function(d, s, id) {\nvar js, fjs = d.getElementsByTagName(s)[0];\nif (d.getElementById(id)) return;\njs = d.createElement(s); js.id = id;\njs.src = 'https:\/\/connect.facebook.net\/es_LA\/sdk.js#xfbml=1&version=v3.2&appId=899106460676237&autoLogAppEvents=1';\nfjs.parentNode.insertBefore(js, fjs);\n}(document, 'script', 'facebook-jssdk'));\n<\/script><\/p>\n","protected":false},"excerpt":{"rendered":"<p>CELAYA, Gto. (OEM-Informex).- Durante la inauguraci\u00f3n del Congreso Internacional de Talento \u201cConciliaci\u00f3n y Flexibilidad, el Futuro Laboral\u201d, el presidente municipal, Javier Mendoza M\u00e1rquez afirm\u00f3 que solo a trav\u00e9s de la capacitaci\u00f3n y la actualizaci\u00f3n, las empresas lograr\u00e1n enfrentar los retos y adaptarse a las circunstancias. \u27a1\ufe0fSuscr\u00edbete a nuestra edici\u00f3n digital El primer edil reconoci\u00f3 el [&hellip;]<\/p>\n","protected":false},"author":2,"featured_media":8827,"comment_status":"","ping_status":"","sticky":false,"template":"","format":"standard","meta":{"_monsterinsights_skip_tracking":false,"_monsterinsights_sitenote_active":false,"_monsterinsights_sitenote_note":"","_monsterinsights_sitenote_category":0,"footnotes":""},"categories":[8],"tags":[],"class_list":["post-8826","post","type-post","status-publish","format-standard","has-post-thumbnail","hentry","category-guanajuato"],"_links":{"self":[{"href":"https:\/\/informebajio.com.mx\/index.php?rest_route=\/wp\/v2\/posts\/8826","targetHints":{"allow":["GET"]}}],"collection":[{"href":"https:\/\/informebajio.com.mx\/index.php?rest_route=\/wp\/v2\/posts"}],"about":[{"href":"https:\/\/informebajio.com.mx\/index.php?rest_route=\/wp\/v2\/types\/post"}],"author":[{"embeddable":true,"href":"https:\/\/informebajio.com.mx\/index.php?rest_route=\/wp\/v2\/users\/2"}],"replies":[{"embeddable":true,"href":"https:\/\/informebajio.com.mx\/index.php?rest_route=%2Fwp%2Fv2%2Fcomments&post=8826"}],"version-history":[{"count":0,"href":"https:\/\/informebajio.com.mx\/index.php?rest_route=\/wp\/v2\/posts\/8826\/revisions"}],"wp:featuredmedia":[{"embeddable":true,"href":"https:\/\/informebajio.com.mx\/index.php?rest_route=\/wp\/v2\/media\/8827"}],"wp:attachment":[{"href":"https:\/\/informebajio.com.mx\/index.php?rest_route=%2Fwp%2Fv2%2Fmedia&parent=8826"}],"wp:term":[{"taxonomy":"category","embeddable":true,"href":"https:\/\/informebajio.com.mx\/index.php?rest_route=%2Fwp%2Fv2%2Fcategories&post=8826"},{"taxonomy":"post_tag","embeddable":true,"href":"https:\/\/informebajio.com.mx\/index.php?rest_route=%2Fwp%2Fv2%2Ftags&post=8826"}],"curies":[{"name":"wp","href":"https:\/\/api.w.org\/{rel}","templated":true}]}}