{"id":8828,"date":"2023-04-29T18:34:24","date_gmt":"2023-04-29T23:34:24","guid":{"rendered":"https:\/\/informebajio.com.mx\/?p=8828"},"modified":"2023-04-29T18:34:24","modified_gmt":"2023-04-29T23:34:24","slug":"alistan-iniciativa-para-cupo-laboral-trans","status":"publish","type":"post","link":"https:\/\/informebajio.com.mx\/?p=8828","title":{"rendered":"Alistan iniciativa para cupo laboral trans"},"content":{"rendered":"<div id=\"content-body-5851641-9984089\">\n<p>La <b>asociaci\u00f3n LGBT+ Rights Quer\u00e9taro <\/b>en conjunto con otras agrupaciones est\u00e1n en la construcci\u00f3n de la iniciativa de <b>Cupo Laboral Trans y No Binarie<\/b>, la cual busca ser presentada en el Congreso Local para su aprobaci\u00f3n y as\u00ed impulsar acciones afirmativas en favor de este <b><a rel=\"Follow noopener\" target=\"_self\" href=\"https:\/\/www.elsoldesanjuandelrio.com.mx\/local\/prevendran-violencia-politica-de-genero-9407466.html\">sector de la sociedad <\/a><\/b>en el estado, dio a conocer el presidente del organismo antes mencionado, <b>Ibrahim Prado.<\/b><\/p>\n<p>Detall\u00f3 que dicha comunidad es de los sectores que menos oportunidades de empleo tienen, de manera que esta iniciativa buscar\u00eda que en cada instituci\u00f3n de gobierno se garantice que existe un cupo para estas personas, el cual ir\u00eda de entre el <b>1 y el 3 por ciento.<\/b> A\u00f1adi\u00f3 que de aprobarse este proyecto se garantizar\u00eda el derecho al trabajo para quienes integran esta colectividad.<\/p>\n<p><i>\u201cLa importancia de lanzarla es m\u00e1s que nada garantizar el acceso al trabajo de todas las personas, al final el trabajo es un derecho humano y todas las personas tenemos derecho de acceder a un empleo digno donde nos podamos sentir seguras, seguros, segures y podamos tener las condiciones laborales adecuadas a nuestra poblaci\u00f3n y a nuestras situaciones de vida\u201d, coment\u00f3. <\/i><\/p>\n<p>Record\u00f3 que las <b>mujeres trans<\/b> son un sector de la poblaci\u00f3n que tiene oportunidades m\u00ednimas de trabajo, toda vez que son objeto de discriminaci\u00f3n, por lo cual en la mayor\u00eda de las ocasiones se ven orilladas a emplearse como estilistas o <b>como trabajadoras sexuales,<\/b> lo que pone en riesgo su integridad. De ah\u00ed, afirm\u00f3, la necesidad de promover una iniciativa que garantice el <b>empleo formal y seguro para las personas que conforman esta comunidad.<\/b> <\/p>\n<p><b><a rel=\"Follow noopener\" target=\"_self\" href=\"https:\/\/www.elsoldesanjuandelrio.com.mx\/local\/empresas-con-apertura-a-la-diversidad-sexual-9318108.html\">Tambi\u00e9n te puede interesar leer: Empresas con apertura a la diversidad sexual<\/a><\/b><\/p>\n<p>A\u00f1adi\u00f3 que este el cupo laboral ser\u00eda otorgado a gente con m\u00e9ritos y estudios, lo cual incentivar\u00eda a las y los integrantes de este sector a continuar con su preparaci\u00f3n acad\u00e9mica, toda vez que en reiteradas ocasiones dejan de asistir a las instituciones educativas por los<b> constantes actos discriminatorios del que son v\u00edctimas. <\/b><\/p>\n<p><i>\u201cLa iniciativa del cupo laboral es justamente una iniciativa que va a garantizar, en primer lugar, que se d\u00e9 empleo a las personas trans (\u2026) y tambi\u00e9n se va a dar el espacio para que justamente las personas trans que no hayan concluido sus estudios puedan verse motivadas a concluir sus estudios y puedan verse motivadas tambi\u00e9n a que a trav\u00e9s de las acciones afirmativas que se puedan impulsar generen mejores oportunidades para adquirir un mejor empleo\u201d, apunt\u00f3. <\/i><\/p>\n<p>Refiri\u00f3 que dicha iniciativa podr\u00eda ser presentada a los legisladores en julio o agosto para que alguno de ellos la pueda promover en el<b> Congreso Local. <\/b><\/p>\n<p><b id=\"docs-internal-guid-3381e367-7fff-60e2-a144-c326b30ed28d\"><b>\u27a1\ufe0f <\/b><a href=\"https:\/\/oem.us16.list-manage.com\/subscribe?u=c04a811ee61dc85305bf7133b&amp;id=f1b85ee5bb\"><b><u>Suscr\u00edbete a nuestro Newsletter y recibe las notas m\u00e1s relevantes en tu correo<\/u><\/b><\/a><\/b><\/p>\n<p>Asimismo, destac\u00f3 que otras de las agrupaciones que participan en la construcci\u00f3n de este proyecto son la Comisi\u00f3n Inteligente de<b> Empresas y Negocios LGBT,<\/b> Frente Queretano por la No discriminaci\u00f3n y el Estado Laico, QuereTrans, as\u00ed como activistas independientes. <\/p>\n<\/div>\n<p><script>(function(d, s, id) {\nvar js, fjs = d.getElementsByTagName(s)[0];\nif (d.getElementById(id)) return;\njs = d.createElement(s); js.id = id;\njs.src = 'https:\/\/connect.facebook.net\/es_LA\/sdk.js#xfbml=1&version=v3.2&appId=232029482016746&autoLogAppEvents=1';\nfjs.parentNode.insertBefore(js, fjs);\n}(document, 'script', 'facebook-jssdk'));\n<\/script><\/p>\n","protected":false},"excerpt":{"rendered":"<p>La asociaci\u00f3n LGBT+ Rights Quer\u00e9taro en conjunto con otras agrupaciones est\u00e1n en la construcci\u00f3n de la iniciativa de Cupo Laboral Trans y No Binarie, la cual busca ser presentada en el Congreso Local para su aprobaci\u00f3n y as\u00ed impulsar acciones afirmativas en favor de este sector de la sociedad en el estado, dio a conocer [&hellip;]<\/p>\n","protected":false},"author":2,"featured_media":8829,"comment_status":"","ping_status":"","sticky":false,"template":"","format":"standard","meta":{"_monsterinsights_skip_tracking":false,"_monsterinsights_sitenote_active":false,"_monsterinsights_sitenote_note":"","_monsterinsights_sitenote_category":0,"footnotes":""},"categories":[6],"tags":[],"class_list":["post-8828","post","type-post","status-publish","format-standard","has-post-thumbnail","hentry","category-san-juan-del-rio"],"_links":{"self":[{"href":"https:\/\/informebajio.com.mx\/index.php?rest_route=\/wp\/v2\/posts\/8828","targetHints":{"allow":["GET"]}}],"collection":[{"href":"https:\/\/informebajio.com.mx\/index.php?rest_route=\/wp\/v2\/posts"}],"about":[{"href":"https:\/\/informebajio.com.mx\/index.php?rest_route=\/wp\/v2\/types\/post"}],"author":[{"embeddable":true,"href":"https:\/\/informebajio.com.mx\/index.php?rest_route=\/wp\/v2\/users\/2"}],"replies":[{"embeddable":true,"href":"https:\/\/informebajio.com.mx\/index.php?rest_route=%2Fwp%2Fv2%2Fcomments&post=8828"}],"version-history":[{"count":0,"href":"https:\/\/informebajio.com.mx\/index.php?rest_route=\/wp\/v2\/posts\/8828\/revisions"}],"wp:featuredmedia":[{"embeddable":true,"href":"https:\/\/informebajio.com.mx\/index.php?rest_route=\/wp\/v2\/media\/8829"}],"wp:attachment":[{"href":"https:\/\/informebajio.com.mx\/index.php?rest_route=%2Fwp%2Fv2%2Fmedia&parent=8828"}],"wp:term":[{"taxonomy":"category","embeddable":true,"href":"https:\/\/informebajio.com.mx\/index.php?rest_route=%2Fwp%2Fv2%2Fcategories&post=8828"},{"taxonomy":"post_tag","embeddable":true,"href":"https:\/\/informebajio.com.mx\/index.php?rest_route=%2Fwp%2Fv2%2Ftags&post=8828"}],"curies":[{"name":"wp","href":"https:\/\/api.w.org\/{rel}","templated":true}]}}