{"id":8832,"date":"2023-04-29T21:27:30","date_gmt":"2023-04-30T02:27:30","guid":{"rendered":"https:\/\/informebajio.com.mx\/?p=8832"},"modified":"2023-04-29T21:27:30","modified_gmt":"2023-04-30T02:27:30","slug":"celebran-el-50-aniversario-de-la-parroquia-del-barrio-de-san-miguel","status":"publish","type":"post","link":"https:\/\/informebajio.com.mx\/?p=8832","title":{"rendered":"Celebran el 50 aniversario de la parroquia del Barrio de San Miguel"},"content":{"rendered":"<div id=\"content-body-5851641-9990152\">\n<p><b>CELAYA, Gto. (OEM-Informex).-<\/b> Con actividades <b>art\u00edsticas, culturales y deportivas <\/b>durante toda la semana, la parroquia de <b>San Miguel Arc\u00e1ngel <\/b>celebrar\u00e1 este <b>29 de abril el 50 Aniversario <\/b>de haber sido erigida, adem\u00e1s se ofrecer\u00e1 a <b>Dios <\/b>una petici\u00f3n especial <b>\u201cque haya paz y reconciliaci\u00f3n en Celaya\u201d,<\/b> as\u00ed lo dio a conocer el p\u00e1rroco de dicha parroquia, padre <b>Alfredo Pic\u00f3n Rodr\u00edguez.<\/b><\/p>\n<p><b><a href=\"http:\/\/oem.pressreader.com\/el-sol-de-bajio\" target=\"_self\" rel=\"Follow noopener\">\u27a1\ufe0fSuscr\u00edbete a nuestra edici\u00f3n digital<\/a><\/b><\/p>\n<p>El sacerdote explic\u00f3 que aunque la parroquia cumplir\u00e1 <b>50 a\u00f1os,<\/b> \u00e9sta ya exist\u00eda desde el <b>Siglo XVIII<\/b> y en ese tiempo era conocido como la <b>capilla de los indios,<\/b> debido a que era utilizada para catequizar y evangelizar a los ind\u00edgenas. <\/p>\n<p>Para celebrar este <b>50 aniversario,<\/b> el padre <b>Alfredo Pic\u00f3n<\/b> mencion\u00f3 que los invitados especiales ser\u00e1n los ni\u00f1os, ya que de ellos es la parroquia, adem\u00e1s de que son el presente de la sociedad y es importante entusiasmarlos para que sean buenos ciudadanos, por tal motivo, se realizar\u00e1n algunas actividades donde ellos ser\u00e1n los protagonistas.<\/p>\n<p>El <b>29 de abril,<\/b> d\u00eda de la celebraci\u00f3n, se llevar\u00e1 a cabo a las 10:30 horas una peregrinaci\u00f3n con los ni\u00f1os del catecismo, la cual saldr\u00e1 del templo de <b>San Juan de Dios,<\/b> hasta llegar al <b>Barrio de San<\/b> <b>Miguel,<\/b> en todo momento estar\u00e1n acompa\u00f1ados por la imagen de <b>San Miguelito<\/b> y la <b>Banda Qui\u00e9n<\/b> <b>Como Dios.<\/b> <\/p>\n<p>A las <b>11:00 horas<\/b> se presentar\u00e1 una escenificaci\u00f3n teatral sobre el martirio de <b>San Juan Bautista<\/b> y a las <b>12:00 horas<\/b> se llevar\u00e1 a cabo la celebraci\u00f3n eucar\u00edstica, concelebrada y presidida por el <b>Obispo<\/b> de <b>Tehuac\u00e1n Puebla, Monse\u00f1or Gonzalo Alonso Calzada Guerrero.<\/b><\/p>\n<p>Al finalizar la misa, se presentar\u00e1 la <b>Trova Celayense,<\/b> adem\u00e1s de que habr\u00e1 bailables, manualidades, entre otras cosas. A partir de las 17:00 horas, habr\u00e1 venta de comida, juegos mec\u00e1nicos, inflables, regalos, concursos como el palo encebado, show de payasos y m\u00e1s. <\/p>\n<p>Finalmente, el sacerdote invit\u00f3 a las familias a participar en la celebraci\u00f3n y los exhort\u00f3 a cuidarse, ayudarse y a invocar siempre a <b>San Miguel<\/b> como pr\u00edncipe de la milicia celestial. <b>\u201cRecuerden, qui\u00e9n como Dios, Dios es el que est\u00e1 presente en la ciudad, estoy convencido que Dios es el que va a traer la paz y la reconciliaci\u00f3n a Celaya\u201d. <\/b><\/p>\n<p>Es importante mencionar que el comit\u00e9 organizador pint\u00f3 en la pared que se ubica a un costado de la parroquia el <b>r\u00f3tulo del 50 aniversario,<\/b> el cual mide 1.75 metros. <\/p>\n<\/div>\n<p><script>(function(d, s, id) {\nvar js, fjs = d.getElementsByTagName(s)[0];\nif (d.getElementById(id)) return;\njs = d.createElement(s); js.id = id;\njs.src = 'https:\/\/connect.facebook.net\/es_LA\/sdk.js#xfbml=1&version=v3.2&appId=899106460676237&autoLogAppEvents=1';\nfjs.parentNode.insertBefore(js, fjs);\n}(document, 'script', 'facebook-jssdk'));\n<\/script><\/p>\n","protected":false},"excerpt":{"rendered":"<p>CELAYA, Gto. (OEM-Informex).- Con actividades art\u00edsticas, culturales y deportivas durante toda la semana, la parroquia de San Miguel Arc\u00e1ngel celebrar\u00e1 este 29 de abril el 50 Aniversario de haber sido erigida, adem\u00e1s se ofrecer\u00e1 a Dios una petici\u00f3n especial \u201cque haya paz y reconciliaci\u00f3n en Celaya\u201d, as\u00ed lo dio a conocer el p\u00e1rroco de dicha [&hellip;]<\/p>\n","protected":false},"author":2,"featured_media":8833,"comment_status":"","ping_status":"","sticky":false,"template":"","format":"standard","meta":{"_monsterinsights_skip_tracking":false,"_monsterinsights_sitenote_active":false,"_monsterinsights_sitenote_note":"","_monsterinsights_sitenote_category":0,"footnotes":""},"categories":[8],"tags":[],"class_list":["post-8832","post","type-post","status-publish","format-standard","has-post-thumbnail","hentry","category-guanajuato"],"_links":{"self":[{"href":"https:\/\/informebajio.com.mx\/index.php?rest_route=\/wp\/v2\/posts\/8832","targetHints":{"allow":["GET"]}}],"collection":[{"href":"https:\/\/informebajio.com.mx\/index.php?rest_route=\/wp\/v2\/posts"}],"about":[{"href":"https:\/\/informebajio.com.mx\/index.php?rest_route=\/wp\/v2\/types\/post"}],"author":[{"embeddable":true,"href":"https:\/\/informebajio.com.mx\/index.php?rest_route=\/wp\/v2\/users\/2"}],"replies":[{"embeddable":true,"href":"https:\/\/informebajio.com.mx\/index.php?rest_route=%2Fwp%2Fv2%2Fcomments&post=8832"}],"version-history":[{"count":0,"href":"https:\/\/informebajio.com.mx\/index.php?rest_route=\/wp\/v2\/posts\/8832\/revisions"}],"wp:featuredmedia":[{"embeddable":true,"href":"https:\/\/informebajio.com.mx\/index.php?rest_route=\/wp\/v2\/media\/8833"}],"wp:attachment":[{"href":"https:\/\/informebajio.com.mx\/index.php?rest_route=%2Fwp%2Fv2%2Fmedia&parent=8832"}],"wp:term":[{"taxonomy":"category","embeddable":true,"href":"https:\/\/informebajio.com.mx\/index.php?rest_route=%2Fwp%2Fv2%2Fcategories&post=8832"},{"taxonomy":"post_tag","embeddable":true,"href":"https:\/\/informebajio.com.mx\/index.php?rest_route=%2Fwp%2Fv2%2Ftags&post=8832"}],"curies":[{"name":"wp","href":"https:\/\/api.w.org\/{rel}","templated":true}]}}