{"id":8836,"date":"2023-04-29T22:52:30","date_gmt":"2023-04-30T03:52:30","guid":{"rendered":"https:\/\/informebajio.com.mx\/?p=8836"},"modified":"2023-04-29T22:52:30","modified_gmt":"2023-04-30T03:52:30","slug":"reduccion-de-jornadas-laborales-perjudicaria-a-empresas-fabian-camacho","status":"publish","type":"post","link":"https:\/\/informebajio.com.mx\/?p=8836","title":{"rendered":"Reducci\u00f3n de jornadas laborales perjudicar\u00eda a empresas: Fabi\u00e1n Camacho"},"content":{"rendered":"<div>\n<p class=\"Normal1\" style=\"text-align: justify; text-justify: inter-ideograph;\"><span lang=\"UZ-CYR\" style=\"font-size: 14.0pt; line-height: 115%;\">Diego Gonz\u00e1lez <\/span><\/p>\n<p class=\"Normal1\" style=\"text-align: justify; text-justify: inter-ideograph;\"><span lang=\"UZ-CYR\" style=\"font-size: 14.0pt; line-height: 115%;\">Noticias <\/span><\/p>\n<p class=\"Normal1\" style=\"text-align: justify; text-justify: inter-ideograph;\"><span lang=\"UZ-CYR\" style=\"font-size: 14.0pt; line-height: 115%;\">\u00a0<\/span><\/p>\n<p><!-- Composite Start --><\/p>\n<p><!-- Composite End --><\/p>\n<p class=\"Normal1\" style=\"text-align: justify; text-justify: inter-ideograph;\"><span lang=\"UZ-CYR\" style=\"font-size: 14.0pt; line-height: 115%;\">Ser\u00edan las peque\u00f1as y medianas empresas las que podr\u00edan verse afectadas si se aprueba la reforma laboral en la que se pretende que los trabajadores cuenten con menos horas laborales y m\u00e1s d\u00edas de descanso obligatorio, se\u00f1al\u00f3 Fabi\u00e1n Camacho Arredondo, presidente de la C\u00e1mara de Comercio de Quer\u00e9taro (CANACO).<\/span><\/p>\n<p class=\"Normal1\" style=\"text-align: justify; text-justify: inter-ideograph;\"><span lang=\"UZ-CYR\" style=\"font-size: 14.0pt; line-height: 115%;\">Coment\u00f3 que, en caso de aprobarse la reforma, se podr\u00eda ver afectado el sector terciario pues se tendr\u00eda la necesidad de contratar m\u00e1s colaboradores para la nivelaci\u00f3n de producci\u00f3n en las empresas.<\/span><\/p>\n<p class=\"Normal1\" style=\"text-align: justify; text-justify: inter-ideograph;\"><span lang=\"UZ-CYR\" style=\"font-size: 14.0pt; line-height: 115%;\">Asimismo, declar\u00f3 que no ser\u00eda oportuna su aprobaci\u00f3n debido a que las peque\u00f1as y medianas empresas se encuentran en un ejercicio de recuperaci\u00f3n tras la pandemia, lo que significar\u00eda otra afectaci\u00f3n debido a la inversi\u00f3n que realizar\u00edan para la contrataci\u00f3n de empleados.<\/span><\/p>\n<p class=\"Normal1\" style=\"text-align: justify; text-justify: inter-ideograph;\"><span lang=\"UZ-CYR\" style=\"font-size: 14.0pt; line-height: 115%;\">\u201cNos manifestamos preocupados porque consideramos que hoy en d\u00eda no es el momento adecuado para empujar una medida como esta; las empresas en Quer\u00e9taro se han manifestado en el \u00faltimo a\u00f1o con un ejercicio positivo para poder empujar la productividad y formalidad de las empresas, y se han asumido compromisos de acuerdo con las nuevas disposiciones de ley que han representado costos que no se ten\u00edan considerados con anterioridad\u201d precis\u00f3.<\/span><\/p>\n<p class=\"Normal1\" style=\"text-align: justify; text-justify: inter-ideograph;\"><span lang=\"UZ-CYR\" style=\"font-size: 14.0pt; line-height: 115%;\">Por lo anterior, y a decir del presidente de la CANACO, se estar\u00eda llevando a cabo un pronunciamiento a nivel nacional y estatal, con la finalidad de llevar a cabo un an\u00e1lisis en el proyecto, pues consider\u00f3, se debe escuchar la postura del sector terciario.<\/span><\/p>\n<p class=\"Normal1\" style=\"text-align: justify; text-justify: inter-ideograph;\"><span lang=\"UZ-CYR\" style=\"font-size: 14.0pt; line-height: 115%;\">\u201cVamos a estar buscando acercar informaci\u00f3n a los socios. Refrendamos nuestro compromiso para que las empresas sean m\u00e1s productivas, es decir, que menos tiempo se haga m\u00e1s, para ello se tiene que apostar mucho a la tecnolog\u00eda y competitividad y refrendamos el compromiso que tenemos de fomentar el empleo formal y creemos que son dos de las rutas que vale fortalecer\u201d finaliz\u00f3.<\/span><\/p>\n<p class=\"Normal1\" style=\"text-align: justify; text-justify: inter-ideograph;\"><span lang=\"UZ-CYR\" style=\"font-size: 14.0pt; line-height: 115%;\">Cabe recordar que, a trav\u00e9s de la nueva reforma, se busca la posibilidad de que los trabajadores pudieran reducir a 40 las horas semanales de trabajo y otorgar dos d\u00edas de descanso por cada cinco trabajados.<\/span><\/p>\n<\/div>\n<p><\/p>\n","protected":false},"excerpt":{"rendered":"<p>Diego Gonz\u00e1lez Noticias \u00a0 Ser\u00edan las peque\u00f1as y medianas empresas las que podr\u00edan verse afectadas si se aprueba la reforma laboral en la que se pretende que los trabajadores cuenten con menos horas laborales y m\u00e1s d\u00edas de descanso obligatorio, se\u00f1al\u00f3 Fabi\u00e1n Camacho Arredondo, presidente de la C\u00e1mara de Comercio de Quer\u00e9taro (CANACO). Coment\u00f3 que, [&hellip;]<\/p>\n","protected":false},"author":2,"featured_media":8837,"comment_status":"","ping_status":"","sticky":false,"template":"","format":"standard","meta":{"_monsterinsights_skip_tracking":false,"_monsterinsights_sitenote_active":false,"_monsterinsights_sitenote_note":"","_monsterinsights_sitenote_category":0,"footnotes":""},"categories":[4],"tags":[],"class_list":["post-8836","post","type-post","status-publish","format-standard","has-post-thumbnail","hentry","category-queretaro"],"_links":{"self":[{"href":"https:\/\/informebajio.com.mx\/index.php?rest_route=\/wp\/v2\/posts\/8836","targetHints":{"allow":["GET"]}}],"collection":[{"href":"https:\/\/informebajio.com.mx\/index.php?rest_route=\/wp\/v2\/posts"}],"about":[{"href":"https:\/\/informebajio.com.mx\/index.php?rest_route=\/wp\/v2\/types\/post"}],"author":[{"embeddable":true,"href":"https:\/\/informebajio.com.mx\/index.php?rest_route=\/wp\/v2\/users\/2"}],"replies":[{"embeddable":true,"href":"https:\/\/informebajio.com.mx\/index.php?rest_route=%2Fwp%2Fv2%2Fcomments&post=8836"}],"version-history":[{"count":0,"href":"https:\/\/informebajio.com.mx\/index.php?rest_route=\/wp\/v2\/posts\/8836\/revisions"}],"wp:featuredmedia":[{"embeddable":true,"href":"https:\/\/informebajio.com.mx\/index.php?rest_route=\/wp\/v2\/media\/8837"}],"wp:attachment":[{"href":"https:\/\/informebajio.com.mx\/index.php?rest_route=%2Fwp%2Fv2%2Fmedia&parent=8836"}],"wp:term":[{"taxonomy":"category","embeddable":true,"href":"https:\/\/informebajio.com.mx\/index.php?rest_route=%2Fwp%2Fv2%2Fcategories&post=8836"},{"taxonomy":"post_tag","embeddable":true,"href":"https:\/\/informebajio.com.mx\/index.php?rest_route=%2Fwp%2Fv2%2Ftags&post=8836"}],"curies":[{"name":"wp","href":"https:\/\/api.w.org\/{rel}","templated":true}]}}