{"id":8844,"date":"2023-04-30T00:59:18","date_gmt":"2023-04-30T05:59:18","guid":{"rendered":"https:\/\/informebajio.com.mx\/?p=8844"},"modified":"2023-04-30T00:59:18","modified_gmt":"2023-04-30T05:59:18","slug":"rematan-ganado-en-tunamanza","status":"publish","type":"post","link":"https:\/\/informebajio.com.mx\/?p=8844","title":{"rendered":"Rematan ganado en Tunamanza"},"content":{"rendered":"<div id=\"content-body-5851641-9981852\">\n<p>Derivado de <b>la falta de agua en los bordos<\/b> de la comunidad de Tunamanza, <b>criadores de ganado decidieron <a rel=\"Follow noopener\" target=\"_self\" href=\"https:\/\/www.elsoldesanjuandelrio.com.mx\/local\/preparan-subasta-de-cabezas-de-ganado-en-tequisquiapan-8729238.html\">vender sus animales<\/a><\/b> para <b>evitar p\u00e9rdidas econ\u00f3micas<\/b> en lo que resta de este 2023.<\/p>\n<p>Lo anterior lo dio a conocer el delegado del lugar, J. Remedios M\u00e1rquez L\u00f3pez, quien mencion\u00f3 que de<b> cerca de 900 cabezas de ganado ovino y bovino tuvieron que deshacerse con la finalidad de evitar p\u00e9rdidas econ\u00f3micas por la falta de lluvias. <\/b><\/p>\n<p>Coment\u00f3 que<b> en este lugar se cuenta con dos bordos, \u201cLa Victoria\u201d y \u201cEl Fresno\u201d<\/b>, con los cuales se cubren las necesidades de hidrataci\u00f3n de los animales, pero desde el 2022 se fue agotando el recurso natural y antes de concluir el a\u00f1o pasado, <b>se quedaron sin agua.<\/b><\/p>\n<p>Tras este tipo de medidas, asegur\u00f3 que <b>solo se quedaron aproximadamente 70 reses y 500 borregos<\/b>, con la finalidad de continuar con la producci\u00f3n de animales y con la esperanza de que haya m\u00e1s agua captada en estos vasos h\u00eddricos.<\/p>\n<p><i>\u201cYa solo es puro ovino, porque bovino ya hay muy pocos, habr\u00e1 unos 70 en la comunidad, ovino si hay unos 500 de pie de cr\u00eda, se vendi\u00f3 bastante, por lo mismo que no hab\u00eda agua, la mayor\u00eda vendieron sus animalitos, borreguitas, vacas y uno que otro caballito, pero ya no hay casi animales\u201d.<\/i><\/p>\n<p>Pidi\u00f3 el apoyo de las autoridades municipales y estatales, ya que asegur\u00f3 que<b> los habitante<\/b>s de este lugar <b>no cuentan con los recursos<\/b> necesarios <b>para mantenerse en la actividad<\/b>, dado que no hay agua, forraje ni alg\u00fan tipo de grano que le sirva como alimento a los animales.<\/p>\n<p><b>\u27a1\ufe0f <\/b><a href=\"https:\/\/oem.us16.list-manage.com\/subscribe?u=c04a811ee61dc85305bf7133b&amp;id=f1b85ee5bb\"><b>Suscr\u00edbete a nuestro Newsletter y recibe las notas m\u00e1s relevantes en tu correo<\/b><\/a><b\/><\/p>\n<p>\u201c<i>No hay agua para el ganado y para tenerlo en la casa, sale muy caro, nos cost\u00f3 que vender animales para sostener a los dem\u00e1s, les pedimos que haya m\u00e1s apoyo porque este a\u00f1o hace falta forraje, ma\u00edz y el agua, si esta cr\u00edtica en este lugar\u201d.<\/i><\/p>\n<\/div>\n<p><script>(function(d, s, id) {\nvar js, fjs = d.getElementsByTagName(s)[0];\nif (d.getElementById(id)) return;\njs = d.createElement(s); js.id = id;\njs.src = 'https:\/\/connect.facebook.net\/es_LA\/sdk.js#xfbml=1&version=v3.2&appId=232029482016746&autoLogAppEvents=1';\nfjs.parentNode.insertBefore(js, fjs);\n}(document, 'script', 'facebook-jssdk'));\n<\/script><\/p>\n","protected":false},"excerpt":{"rendered":"<p>Derivado de la falta de agua en los bordos de la comunidad de Tunamanza, criadores de ganado decidieron vender sus animales para evitar p\u00e9rdidas econ\u00f3micas en lo que resta de este 2023. Lo anterior lo dio a conocer el delegado del lugar, J. Remedios M\u00e1rquez L\u00f3pez, quien mencion\u00f3 que de cerca de 900 cabezas de [&hellip;]<\/p>\n","protected":false},"author":2,"featured_media":8845,"comment_status":"","ping_status":"","sticky":false,"template":"","format":"standard","meta":{"_monsterinsights_skip_tracking":false,"_monsterinsights_sitenote_active":false,"_monsterinsights_sitenote_note":"","_monsterinsights_sitenote_category":0,"footnotes":""},"categories":[6],"tags":[],"class_list":["post-8844","post","type-post","status-publish","format-standard","has-post-thumbnail","hentry","category-san-juan-del-rio"],"_links":{"self":[{"href":"https:\/\/informebajio.com.mx\/index.php?rest_route=\/wp\/v2\/posts\/8844","targetHints":{"allow":["GET"]}}],"collection":[{"href":"https:\/\/informebajio.com.mx\/index.php?rest_route=\/wp\/v2\/posts"}],"about":[{"href":"https:\/\/informebajio.com.mx\/index.php?rest_route=\/wp\/v2\/types\/post"}],"author":[{"embeddable":true,"href":"https:\/\/informebajio.com.mx\/index.php?rest_route=\/wp\/v2\/users\/2"}],"replies":[{"embeddable":true,"href":"https:\/\/informebajio.com.mx\/index.php?rest_route=%2Fwp%2Fv2%2Fcomments&post=8844"}],"version-history":[{"count":0,"href":"https:\/\/informebajio.com.mx\/index.php?rest_route=\/wp\/v2\/posts\/8844\/revisions"}],"wp:featuredmedia":[{"embeddable":true,"href":"https:\/\/informebajio.com.mx\/index.php?rest_route=\/wp\/v2\/media\/8845"}],"wp:attachment":[{"href":"https:\/\/informebajio.com.mx\/index.php?rest_route=%2Fwp%2Fv2%2Fmedia&parent=8844"}],"wp:term":[{"taxonomy":"category","embeddable":true,"href":"https:\/\/informebajio.com.mx\/index.php?rest_route=%2Fwp%2Fv2%2Fcategories&post=8844"},{"taxonomy":"post_tag","embeddable":true,"href":"https:\/\/informebajio.com.mx\/index.php?rest_route=%2Fwp%2Fv2%2Ftags&post=8844"}],"curies":[{"name":"wp","href":"https:\/\/api.w.org\/{rel}","templated":true}]}}