{"id":8854,"date":"2023-04-30T07:41:29","date_gmt":"2023-04-30T12:41:29","guid":{"rendered":"https:\/\/informebajio.com.mx\/?p=8854"},"modified":"2023-04-30T07:41:29","modified_gmt":"2023-04-30T12:41:29","slug":"se-reactiva-el-prd-en-guanajuato-con-un-encuentro-estatal-de-liderazgos-municipales","status":"publish","type":"post","link":"https:\/\/informebajio.com.mx\/?p=8854","title":{"rendered":"Se reactiva el PRD en Guanajuato con un encuentro estatal de liderazgos municipales"},"content":{"rendered":"<div id=\"content-body-5851641-9992708\">\n<p>CELAYA, Gto.- (OEM-Informex).- El Partido de la <b>Revoluci\u00f3n Democr\u00e1tica<\/b> (PRD) reactivo actividades en la entidad con un encuentro de liderazgos municipales y estatales en el Teatro de la Ciudad, la secretaria general nacional Adriana D\u00edaz Contreras y el delegado nacional en funciones de presidente, <b>Seraf\u00edn Prieto Alvarez<\/b>, convocaron a una alianza amplia con la sociedad civil y un gran frente con los partidos pol\u00edticos.<\/p>\n<p>Participaron en el evento Antonio Medina Trejo, representando al dirigente nacional Jes\u00fas Zambrano, Camerino Eleazar Marquez Madrid, secretario de planeaci\u00f3n, <b>Mar\u00eda Isabel Campos<\/b>, secretaria general estatal, Eloy Leal, secretario del Ayuntamiento y representante del alcalde de Xichu, Sealtiel Avalos, presidente del Consejo Estatal, entre otros.<\/p>\n<p>Diaz Contreras, en entrevista, extern\u00f3 que la direcci\u00f3n nacional est\u00e1 presente en el <b>Encuentro estatal de liderazgos<\/b> municipales y estatales con la finalidad de empezar a <b>reactivar al partido <\/b>en el estado de Guanajuato, \u201cpero sobre todo empezamos un proceso organizativo a trav\u00e9s del <b>fortalecimiento partidario<\/b> de una estrategia que nos permita sobre todo empezar a reactivar el perredismo y las causas de la gente, estamos estamos listas y listos para iniciar todo este trabajo de organizaci\u00f3n interna de nuestro partido\u201d.<\/p>\n<p>\u201cEstamos tambi\u00e9n prepar\u00e1ndonos para la instalaci\u00f3n de la mesa de lo que ser\u00e1 una alianza amplia con las organizaciones de la sociedad civil, estamos firmando convenios de <b>colaboraci\u00f3n pol\u00edtica,<\/b> buscamos tener una fecha pr\u00f3xima para firmar un manifiesto que permita, sobre todo, dar piso parejo, hoy creemos que los partidos pol\u00edticos tienen que ir a construir un m\u00e9todo para la selecci\u00f3n de sus candidaturas hacer las <b>cosas de manera diferente,<\/b> y que este m\u00e9todo sobre todo sea transparente incluyente\u201d.<\/p>\n<p>\u201cQue vayan a competir las y los candidatos con mayor <b>reconocimiento social<\/b>, y sobre todo que sean competitivos, estamos impulsando lo que son gobiernos de coalici\u00f3n, una <b>nueva gobernanza,<\/b> que permita sobre todo acabar con el presidencialismo e ir sobre todo en una ruta sobre un <b>r\u00e9gimen semiparlamentario<\/b>, donde no est\u00e9 concentrado todo el poder esto tiene que ver precisamente en este gobierno de <b>coalici\u00f3n democr\u00e1tica<\/b>, donde la pluralidad est\u00e9 incluida\u201d.<\/p>\n<p>Refiri\u00f3 que tambi\u00e9n se pretende firmar un <b>programa de gobierno<\/b> y que en este se d\u00e9 seguimiento en su instalaci\u00f3n, y que vaya acompa\u00f1ado sobre todo de presupuesto, es lo que hoy el <b>PRD est\u00e1 poniendo<\/b> en la mesa de con los partidos pol\u00edticos y con la ciudadan\u00eda, es importante <b>legitimar hoy las candidaturas<\/b> a partir tambi\u00e9n de un comit\u00e9 ciudadano acompa\u00f1ado con los representantes de los partidos pol\u00edticos y de esta manera dar piso parejo para todos y hacer las cosas de manera diferente.<\/p>\n<p>Explic\u00f3 que est\u00e1n en la construcci\u00f3n con el <b>delegado nacional Seraf\u00edn Prieto<\/b> en a tarea primero de cohesionar al partido, en la elecci\u00f3n del 2021 no tuvimos el resultado favorable, sin embargo, <b>a partir de Octubre <\/b>del a\u00f1o pasado nombramos de delegado a Seraf\u00edn y \u00e9l ya cuenta con todos los <b>poderes de representaci\u00f3n <\/b>del partido en el estado de Guanajuato, se acaban de entregar precisamente la semana pasada y a partir de ah\u00ed \u00e9l ya podr\u00e1 asistir de <b>manera institucional <\/b>a las mesas con los ciudadanos y a las mesas de trabajo con los <b>partidos pol\u00edticos<\/b>, por eso es que hemos hecho hoy un llamado a los partidos pol\u00edticos a conformar este gran frente.<\/p>\n<p>Seraf\u00edn Prieto, al ser interrogado sobre la actual <b>presencia del PRD en Guanajuato <\/b>dio a conocer que actualmente hay m\u00e1s de 45,000 militantes, y que se est\u00e1n visitando casa por casa a los ciudanos para incrementarlos, en cuanto a impatizantes son muchos m\u00e1s no los que est\u00e1n afiliados, dijo.<\/p>\n<p>En cuanto al registro en la entidad, coment\u00f3 que el <b>registro del partido<\/b> es a nivel nacional y \u201cen Guanajuato, por diferentes causas en la elecci\u00f3n del 2021, no alcanzamos la <b>prerrogativa que corresponde<\/b> a los partidos pol\u00edticos por parte del instituto electoral, sin embargo el registro lo tenemos, no hay ning\u00fan problema con el registro para postular <b>cualquier candidatura<\/b>, en Guanajuato vamos a tener <b>candidatos en los 46 municipios<\/b> del estado vamos y a diputados locales y federales en Guanajuato\u201d.<\/p>\n<p>Agreg\u00f3 que independientemente de las coaliciones que pueda haber pr\u00f3ximamente, \u201cestamos trabajando para tener un partido competitivo, afortunadamente estamos recuperando a muchos <b>liderazgos que en las elecciones<\/b> pasadas por diferentes causas <b>se fueron a otros partidos<\/b> y que no encontraron lo que ellos buscaban, ahorita ya se est\u00e1n regresando con nosotros a hacer trabajo, tenemos diferentes liderazgos en los diferentes sectores de la sociedad y en la mayor\u00eda de los municipios\u201d.<\/p>\n<\/div>\n<p><script>(function(d, s, id) {\nvar js, fjs = d.getElementsByTagName(s)[0];\nif (d.getElementById(id)) return;\njs = d.createElement(s); js.id = id;\njs.src = 'https:\/\/connect.facebook.net\/es_LA\/sdk.js#xfbml=1&version=v3.2&appId=899106460676237&autoLogAppEvents=1';\nfjs.parentNode.insertBefore(js, fjs);\n}(document, 'script', 'facebook-jssdk'));\n<\/script><\/p>\n","protected":false},"excerpt":{"rendered":"<p>CELAYA, Gto.- (OEM-Informex).- El Partido de la Revoluci\u00f3n Democr\u00e1tica (PRD) reactivo actividades en la entidad con un encuentro de liderazgos municipales y estatales en el Teatro de la Ciudad, la secretaria general nacional Adriana D\u00edaz Contreras y el delegado nacional en funciones de presidente, Seraf\u00edn Prieto Alvarez, convocaron a una alianza amplia con la sociedad [&hellip;]<\/p>\n","protected":false},"author":2,"featured_media":8855,"comment_status":"","ping_status":"","sticky":false,"template":"","format":"standard","meta":{"_monsterinsights_skip_tracking":false,"_monsterinsights_sitenote_active":false,"_monsterinsights_sitenote_note":"","_monsterinsights_sitenote_category":0,"footnotes":""},"categories":[8],"tags":[],"class_list":["post-8854","post","type-post","status-publish","format-standard","has-post-thumbnail","hentry","category-guanajuato"],"_links":{"self":[{"href":"https:\/\/informebajio.com.mx\/index.php?rest_route=\/wp\/v2\/posts\/8854","targetHints":{"allow":["GET"]}}],"collection":[{"href":"https:\/\/informebajio.com.mx\/index.php?rest_route=\/wp\/v2\/posts"}],"about":[{"href":"https:\/\/informebajio.com.mx\/index.php?rest_route=\/wp\/v2\/types\/post"}],"author":[{"embeddable":true,"href":"https:\/\/informebajio.com.mx\/index.php?rest_route=\/wp\/v2\/users\/2"}],"replies":[{"embeddable":true,"href":"https:\/\/informebajio.com.mx\/index.php?rest_route=%2Fwp%2Fv2%2Fcomments&post=8854"}],"version-history":[{"count":0,"href":"https:\/\/informebajio.com.mx\/index.php?rest_route=\/wp\/v2\/posts\/8854\/revisions"}],"wp:featuredmedia":[{"embeddable":true,"href":"https:\/\/informebajio.com.mx\/index.php?rest_route=\/wp\/v2\/media\/8855"}],"wp:attachment":[{"href":"https:\/\/informebajio.com.mx\/index.php?rest_route=%2Fwp%2Fv2%2Fmedia&parent=8854"}],"wp:term":[{"taxonomy":"category","embeddable":true,"href":"https:\/\/informebajio.com.mx\/index.php?rest_route=%2Fwp%2Fv2%2Fcategories&post=8854"},{"taxonomy":"post_tag","embeddable":true,"href":"https:\/\/informebajio.com.mx\/index.php?rest_route=%2Fwp%2Fv2%2Ftags&post=8854"}],"curies":[{"name":"wp","href":"https:\/\/api.w.org\/{rel}","templated":true}]}}