{"id":8856,"date":"2023-04-30T07:41:37","date_gmt":"2023-04-30T12:41:37","guid":{"rendered":"https:\/\/informebajio.com.mx\/?p=8856"},"modified":"2023-04-30T07:41:37","modified_gmt":"2023-04-30T12:41:37","slug":"entregaron-vales-para-estancias-infantiles-en-san-juan-del-rio","status":"publish","type":"post","link":"https:\/\/informebajio.com.mx\/?p=8856","title":{"rendered":"Entregaron vales para Estancias Infantiles en San Juan del R\u00edo"},"content":{"rendered":"<div id=\"content-body-5851641-9982948\">\n<p>La<b> Secretar\u00eda de Desarrollo Social del Estado de Quer\u00e9taro <a href=\"https:\/\/www.elsoldesanjuandelrio.com.mx\/local\/apoyo-a-mujeres-emprendedoras-mediante-microcreditos-9896592.html\" target=\"_self\" rel=\"Follow noopener\">(Sedesoq)<\/a> <\/b>realiz\u00f3 la entrega de vales del programa para el <b>Cuidado Infantil <\/b>a jefas de familia beneficiarias del municipio de San Juan del R\u00edo, con lo cual estas mujeres podr\u00e1n dejar a sus hijos en alguna de las estancias infantiles certificadas dentro del padr\u00f3n mientras ellas estudian o trabajan, dio a conocer dicha dependencia.<\/p>\n<p>De acuerdo con informaci\u00f3n compartida, la entrega fue encabezada por el titular de la <b>Sedesoq, Agust\u00edn Dorantes L\u00e1mbarri, <\/b>quien detall\u00f3 que los vales corresponden a los meses de mayo y junio. Asimismo, explic\u00f3 que dicho vale es canjeado en las instancias certificadas por la <b>Direcci\u00f3n de Riesgos Sanitarios<\/b>, a fin de que las mujeres dejen en un lugar seguro a sus hijos. <\/p>\n<p><i>\u201cTodos ganan. Ganan las mam\u00e1s al tener un lugar seguro donde dejar a sus hijos y poder ir a estudiar y trabajar. Ganan las microempresarias, las empresarias que tienen una peque\u00f1a estancia infantil y que tambi\u00e9n son mujeres trabajadoras y que todos los d\u00edas, adem\u00e1s de realizar un trabajo para mejorar la calidad de sus familias, pues aportan un tema prioritario para la sociedad que es una estancia infantil\u201d, coment\u00f3. <\/i><\/p>\n<p>En ese sentido, reconoci\u00f3 el esfuerzo de las mujeres jefas de familia, pues, afirm\u00f3, trabajan de manera diaria para salir adelante. Adem\u00e1s, adelant\u00f3 que se alista una nueva convocatoria dirigida a las interesadas en formar parte del mismo programa y con ello extender los beneficios de esta iniciativa a m\u00e1s zonas de la demarcaci\u00f3n sanjuanense. <\/p>\n<p>Adem\u00e1s, record\u00f3 que bien este programa se elimin\u00f3 a nivel federal, uno de los compromisos del Gobernador del Estado, <b>Mauricio Kuri Gonz\u00e1lez<\/b> fue reactivarlo, esto con el prop\u00f3sito de apoyar a todas aquellas mujeres que son cabeza de una familia en la entidad. <\/p>\n<p><i>\u201cComo saben este programa exist\u00eda a nivel federal y decidieron quitar el sistema y el Gobernador Mauricio Kuri se comprometi\u00f3 a que lo iba a rescatar y hoy es una realidad (\u2026) estamos con convocatoria abierta para incorporar a nuevas instancias infantiles y despu\u00e9s vamos a tener la convocatoria para nuevas mam\u00e1s que les interese obtener este beneficio\u201d, mencion\u00f3. <\/i><\/p>\n<p>Durante la entrega, se inform\u00f3 que en 2022 se invirtieron 16.5 millones de pesos en el programa, participaron 83 estancias, en beneficio de mil 555 menores de edad. <\/p>\n<p><b id=\"docs-internal-guid-a96f2d68-7fff-8455-ed46-1e731d6d7a0d\"><b>\u27a1\ufe0f <\/b><a href=\"https:\/\/oem.us16.list-manage.com\/subscribe?u=c04a811ee61dc85305bf7133b&amp;id=f1b85ee5bb\"><b><u>Suscr\u00edbete a nuestro Newsletter y recibe las notas m\u00e1s relevantes en tu correo<\/u><\/b><\/a><\/b><\/p>\n<p>Finalmente, puntualiz\u00f3 que desde el Gobierno Estatal se busca generar programas que ayuden a tener un piso igualitario para que cualquier persona pueda alcanzar sus metas.<\/p>\n<\/div>\n<p><script>(function(d, s, id) {\nvar js, fjs = d.getElementsByTagName(s)[0];\nif (d.getElementById(id)) return;\njs = d.createElement(s); js.id = id;\njs.src = 'https:\/\/connect.facebook.net\/es_LA\/sdk.js#xfbml=1&version=v3.2&appId=232029482016746&autoLogAppEvents=1';\nfjs.parentNode.insertBefore(js, fjs);\n}(document, 'script', 'facebook-jssdk'));\n<\/script><\/p>\n","protected":false},"excerpt":{"rendered":"<p>La Secretar\u00eda de Desarrollo Social del Estado de Quer\u00e9taro (Sedesoq) realiz\u00f3 la entrega de vales del programa para el Cuidado Infantil a jefas de familia beneficiarias del municipio de San Juan del R\u00edo, con lo cual estas mujeres podr\u00e1n dejar a sus hijos en alguna de las estancias infantiles certificadas dentro del padr\u00f3n mientras ellas [&hellip;]<\/p>\n","protected":false},"author":2,"featured_media":8857,"comment_status":"","ping_status":"","sticky":false,"template":"","format":"standard","meta":{"_monsterinsights_skip_tracking":false,"_monsterinsights_sitenote_active":false,"_monsterinsights_sitenote_note":"","_monsterinsights_sitenote_category":0,"footnotes":""},"categories":[6],"tags":[],"class_list":["post-8856","post","type-post","status-publish","format-standard","has-post-thumbnail","hentry","category-san-juan-del-rio"],"_links":{"self":[{"href":"https:\/\/informebajio.com.mx\/index.php?rest_route=\/wp\/v2\/posts\/8856","targetHints":{"allow":["GET"]}}],"collection":[{"href":"https:\/\/informebajio.com.mx\/index.php?rest_route=\/wp\/v2\/posts"}],"about":[{"href":"https:\/\/informebajio.com.mx\/index.php?rest_route=\/wp\/v2\/types\/post"}],"author":[{"embeddable":true,"href":"https:\/\/informebajio.com.mx\/index.php?rest_route=\/wp\/v2\/users\/2"}],"replies":[{"embeddable":true,"href":"https:\/\/informebajio.com.mx\/index.php?rest_route=%2Fwp%2Fv2%2Fcomments&post=8856"}],"version-history":[{"count":0,"href":"https:\/\/informebajio.com.mx\/index.php?rest_route=\/wp\/v2\/posts\/8856\/revisions"}],"wp:featuredmedia":[{"embeddable":true,"href":"https:\/\/informebajio.com.mx\/index.php?rest_route=\/wp\/v2\/media\/8857"}],"wp:attachment":[{"href":"https:\/\/informebajio.com.mx\/index.php?rest_route=%2Fwp%2Fv2%2Fmedia&parent=8856"}],"wp:term":[{"taxonomy":"category","embeddable":true,"href":"https:\/\/informebajio.com.mx\/index.php?rest_route=%2Fwp%2Fv2%2Fcategories&post=8856"},{"taxonomy":"post_tag","embeddable":true,"href":"https:\/\/informebajio.com.mx\/index.php?rest_route=%2Fwp%2Fv2%2Ftags&post=8856"}],"curies":[{"name":"wp","href":"https:\/\/api.w.org\/{rel}","templated":true}]}}