{"id":8858,"date":"2023-04-30T09:02:57","date_gmt":"2023-04-30T14:02:57","guid":{"rendered":"https:\/\/informebajio.com.mx\/?p=8858"},"modified":"2023-04-30T09:02:57","modified_gmt":"2023-04-30T14:02:57","slug":"urge-fortalecer-policias-para-regresar-al-ejercito-a-cuarteles-guerrero-agripino","status":"publish","type":"post","link":"https:\/\/informebajio.com.mx\/?p=8858","title":{"rendered":"Urge fortalecer polic\u00edas para regresar al Ej\u00e9rcito a cuarteles: Guerrero Agripino"},"content":{"rendered":"<div id=\"content-body-5851641-9984777\">\n<p>IRAPUATO, Gto. (OEM-Informex).- <b>Luis Felipe Guerrero Agripino<\/b>, rector general de la <b>Universidad de Guanajuato<\/b>, asegur\u00f3 que el <b>gran desaf\u00edo <\/b>que enfrenta el pa\u00eds es <b>fortalecer a las polic\u00edas municipales<\/b>, para que las <b>fuerzas armadas<\/b> <b>dejen de hacer labores de seguridad p\u00fablica <\/b>y no haya m\u00e1s <b>\u00c1ngel Yael <\/b>en <b>M\u00e9xico<\/b>, el joven que presuntamente <b>fue asesinado <\/b>por un elemento de la <b>Guardia Nacional <\/b>hace un a\u00f1o en <b>Irapuato<\/b>.<\/p>\n<p>\u27a1 <a href=\"https:\/\/oem.pressreader.com\/el-sol-de-irapuato\" target=\"_blank\" rel=\"noopener\"><b>Suscr\u00edbete a nuestra edici\u00f3n digital<\/b><\/a><\/p>\n<p>En entrevista, <b>Luis Felipe Guerrero Agripino<\/b> dijo que sigue pensando en que el que las <b>fuerzas armadas <\/b>est\u00e9n realizando labores de <b>seguridad p\u00fablica <\/b>no es la soluci\u00f3n para aminorar el <b>tema de inseguridad <\/b>en el pa\u00eds, por lo que tiene que haber una reflexi\u00f3n a fondo <b>para fortalecer a las polic\u00edas municipales y estatales<\/b>.<\/p>\n<p>\u201c<i>Lo que tambi\u00e9n considero es que ya hay <\/i><i><b>una precisi\u00f3n en la Constituci\u00f3n<\/b><\/i><i>, de que las <\/i><i><b>fuerzas armadas <\/b><\/i><i>seguir\u00e1n realizando labores de <\/i><i><b>seguridad p\u00fablica<\/b><\/i><i>, independientemente de d\u00f3nde est\u00e9n adscritas, hasta <\/i><i><b>2028<\/b><\/i><i>, entonces aqu\u00ed el gran reto, el <\/i><i><b>gran desaf\u00edo <\/b><\/i><i>que tenemos en <\/i><i><b>M\u00e9xico <\/b><\/i><i>es qu\u00e9 estamos haciendo para llegar a <\/i><i><b>2028<\/b><\/i><i>, porque si no hacemos nada para el <\/i><i><b>fortalecimiento de las polic\u00edas municipales<\/b><\/i><i>, de las <\/i><i><b>polic\u00edas estatales<\/b><\/i><i>, entonces vamos a llegar a <\/i><i><b>2028<\/b><\/i><i>, con todo respeto lo digo, pero vamos a llegar peor y ese el gran llamado que quiz\u00e1 debemos hacer como sociedad, que <\/i><i><b>tenemos que reconfigurar muchos \u00e1mbitos en el sistema policial mexicano<\/b><\/i>\u201d, dijo el rector general de la <b>Universidad de Guanajuato<\/b>.<\/p>\n<p><b>Luis Felipe Guerrero Agripino <\/b>se\u00f1al\u00f3 que el llamado que hace un a\u00f1o hizo la <b>comunidad universitaria <\/b>para exigir justicia por la muerte de <b>\u00c1ngel Yael <\/b>sigue vigente, pero se\u00f1al\u00f3 que no basta con dicho llamado, sino que todo se tiene que traducir en acciones reales en <b>pro de la seguridad del estado y del pa\u00eds<\/b>.<\/p>\n<p>\u201c<i>Como <\/i><i><b>comunidad universitaria <\/b><\/i><i>nos queda claro que no basta el llamado, sino las acciones que podamos realizar desde las capacidades que tengamos en la <\/i><i><b>Universidad de Guanajuato <\/b><\/i><i>y es lo que estamos haciendo<\/i>.<\/p>\n<p>\u201c<i>Yo creo que el llamado que hacemos lo hacemos en cada promoci\u00f3n, en cada <\/i><i><b>acto jur\u00eddico <\/b><\/i><i>que realizamos, para que desde nuestro \u00e1mbito podamos hacer todo lo posible para que <\/i><i><b>el caso penal tome el cauce que debe tener <\/b><\/i><i>y que se est\u00e1 tomando el cauce que justo hace un a\u00f1o lo est\u00e1bamos planeando<\/i>\u201d.<\/p>\n<p>Por su parte, <b>Pablo Gonz\u00e1lez Sierra<\/b>, docente de la <b>Universidad de Guanajuato<\/b> y asesor jur\u00eddico de las v\u00edctimas, dijo que ser\u00e1 el pr\u00f3ximo uno y dos de agosto cuando <b>se lleve a cabo la audiencia intermedia<\/b>, en donde ser\u00e1n ofrecidas las pruebas para que \u00e9stas sean admitidas, esto como paso previo a la audiencia de sentencia.<\/p>\n<p>Sin embargo, tanto \u00e9l como el rector general de la <b>Universidad de Guanajuato <\/b>confiaron tanto en las instituciones como en la <b>justicia<\/b>, pues dijo que el <b>Estado de Derecho debe prevalecer<\/b>, sobre todo en un caso de tanta relevancia como el asesinato de <b>\u00c1ngel Yael<\/b>.<\/p>\n<h2><b>Entregan reconocimiento \u00c1ngel Yael a estudiantes<\/b><\/h2>\n<p>La <b>Divisi\u00f3n de Ciencias de la Vida de la Universidad de Guanajuato<\/b> fue la sede de la edici\u00f3n <b>n\u00famero 18 <\/b>del <b>Concurso de Creatividad e Innovaci\u00f3n<\/b>, en donde fueron <b>reconocidos estudiantes <\/b>por proyectos de innovaci\u00f3n que emprendieron en pro de la sociedad.<\/p>\n<p>Uno de los reconocimientos entregados llev\u00f3 el nombre de <b>\u00c1ngel Yael Ignacio Rangel<\/b>, pues mientras fue estudiante <b>impuls\u00f3 proyectos de innovaci\u00f3n<\/b>, pues incluso ten\u00eda uno, que era emprender un comercio a base de <b>orqu\u00eddeas<\/b>.<\/p>\n<p><b>Jorge Guerrero Le\u00f3n <\/b>fue el ganador del <b>premio \u00c1ngel Yael Ignacio Rangel<\/b>, con su proyecto \u201c<i><b>Prototipo para diagn\u00f3stico de osteoporosis<\/b><\/i>\u201d, por el que se hizo acreedor a un <b>viaje al extranjero <\/b>para visitar una instituci\u00f3n educativa.<\/p>\n<p><b>Norma Luc\u00eda Rangel S\u00e1nchez<\/b>, madre del <b>\u00c1ngel Yael<\/b>, agradeci\u00f3 a la <b>Universidad de Guanajuato <\/b>tanto el apoyo que han recibido para seguir el proceso jur\u00eddico como tambi\u00e9n este reconocimiento que se busca que permanezca para <b>motivar a j\u00f3venes a crecer en su \u00e1mbito profesional<\/b>.<\/p>\n<p>\u201c<i>En verdad me enorgullece que el <\/i><i><b>nombre de mi hijo se lleve en lo alto y sea ejemplo <\/b><\/i><i>para m\u00e1s estudiantes (\u2026) \u00e9l mencionaba y justo est\u00e1 grabada en su l\u00e1pida que \u2018<\/i><i><b>si el grano muere, dar\u00e1 abundancia<\/b><\/i><i>\u2019 y si algo \u00e9l dijo y dec\u00eda es que \u00e9l iba a llegar muy lejos y quer\u00eda ser reconocido ante y por el <\/i><i><b>mundo<\/b><\/i>\u201d.<\/p>\n<p><b>\u00c1ngel Yael Ignacio Rangel <\/b>muri\u00f3 el <b>27 de abril de 2022<\/b>, cuando presuntamente <b>fue atacado a balazos <\/b>por un elemento de la <b>Guardia Nacional<\/b>, quien les dispar\u00f3 por no haberse detenido para realizar una revisi\u00f3n cuando patrullaban la comunidad de <b>El Copal<\/b>.<\/p>\n<p>Por este hecho, el <b>Guardia Nacional fue vinculado a proceso<\/b>, as\u00ed como otro elemento m\u00e1s acusado de <b>tentativa de homicidio<\/b>, y ser\u00e1 el uno y dos de agosto cuando sea llevada a cabo la <b>audiencia intermedia<\/b>, en donde ser\u00e1n presentadas las pruebas por ambas partes para desahogar el caso.<\/p>\n<\/div>\n<p><script>(function(d, s, id) {\nvar js, fjs = d.getElementsByTagName(s)[0];\nif (d.getElementById(id)) return;\njs = d.createElement(s); js.id = id;\njs.src = 'https:\/\/connect.facebook.net\/es_LA\/sdk.js#xfbml=1&version=v3.2&appId=899106460676237&autoLogAppEvents=1';\nfjs.parentNode.insertBefore(js, fjs);\n}(document, 'script', 'facebook-jssdk'));\n<\/script><\/p>\n","protected":false},"excerpt":{"rendered":"<p>IRAPUATO, Gto. (OEM-Informex).- Luis Felipe Guerrero Agripino, rector general de la Universidad de Guanajuato, asegur\u00f3 que el gran desaf\u00edo que enfrenta el pa\u00eds es fortalecer a las polic\u00edas municipales, para que las fuerzas armadas dejen de hacer labores de seguridad p\u00fablica y no haya m\u00e1s \u00c1ngel Yael en M\u00e9xico, el joven que presuntamente fue asesinado [&hellip;]<\/p>\n","protected":false},"author":2,"featured_media":8859,"comment_status":"","ping_status":"","sticky":false,"template":"","format":"standard","meta":{"_monsterinsights_skip_tracking":false,"_monsterinsights_sitenote_active":false,"_monsterinsights_sitenote_note":"","_monsterinsights_sitenote_category":0,"footnotes":""},"categories":[8],"tags":[],"class_list":["post-8858","post","type-post","status-publish","format-standard","has-post-thumbnail","hentry","category-guanajuato"],"_links":{"self":[{"href":"https:\/\/informebajio.com.mx\/index.php?rest_route=\/wp\/v2\/posts\/8858","targetHints":{"allow":["GET"]}}],"collection":[{"href":"https:\/\/informebajio.com.mx\/index.php?rest_route=\/wp\/v2\/posts"}],"about":[{"href":"https:\/\/informebajio.com.mx\/index.php?rest_route=\/wp\/v2\/types\/post"}],"author":[{"embeddable":true,"href":"https:\/\/informebajio.com.mx\/index.php?rest_route=\/wp\/v2\/users\/2"}],"replies":[{"embeddable":true,"href":"https:\/\/informebajio.com.mx\/index.php?rest_route=%2Fwp%2Fv2%2Fcomments&post=8858"}],"version-history":[{"count":0,"href":"https:\/\/informebajio.com.mx\/index.php?rest_route=\/wp\/v2\/posts\/8858\/revisions"}],"wp:featuredmedia":[{"embeddable":true,"href":"https:\/\/informebajio.com.mx\/index.php?rest_route=\/wp\/v2\/media\/8859"}],"wp:attachment":[{"href":"https:\/\/informebajio.com.mx\/index.php?rest_route=%2Fwp%2Fv2%2Fmedia&parent=8858"}],"wp:term":[{"taxonomy":"category","embeddable":true,"href":"https:\/\/informebajio.com.mx\/index.php?rest_route=%2Fwp%2Fv2%2Fcategories&post=8858"},{"taxonomy":"post_tag","embeddable":true,"href":"https:\/\/informebajio.com.mx\/index.php?rest_route=%2Fwp%2Fv2%2Ftags&post=8858"}],"curies":[{"name":"wp","href":"https:\/\/api.w.org\/{rel}","templated":true}]}}