{"id":8862,"date":"2023-04-30T10:01:47","date_gmt":"2023-04-30T15:01:47","guid":{"rendered":"https:\/\/informebajio.com.mx\/?p=8862"},"modified":"2023-04-30T10:01:47","modified_gmt":"2023-04-30T15:01:47","slug":"todo-listo-para-la-feria-del-arbol-y-la-flor","status":"publish","type":"post","link":"https:\/\/informebajio.com.mx\/?p=8862","title":{"rendered":"Todo listo para la Feria del \u00c1rbol y la Flor"},"content":{"rendered":"<div id=\"content-body-5851641-9990421\">\n<p><b>CELAYA, Gto. (OEM-Informex).-<\/b> La ma\u00f1a de ayer se entreg\u00f3 el <b>metraje<\/b> para los <b>105 comerciantes<\/b> que se estar\u00e1n instalando del <b>1 al 21 de mayo<\/b> en la <b>Feria del \u00c1rbol y la Flor en el Parque Morelos.<\/b> <\/p>\n<p><b><a href=\"http:\/\/oem.pressreader.com\/el-sol-de-bajio\" target=\"_self\" rel=\"Follow noopener\">\u27a1\ufe0fSuscr\u00edbete a nuestra edici\u00f3n digital<\/a><\/b><\/p>\n<p>El director de <b>Fiscalizaci\u00f3n, Salvador Mart\u00ednez Abud,<\/b> inform\u00f3 que participar\u00e1n <b>m\u00e1s 100 de expositores <\/b>de diferentes uniones de comerciantes, as\u00ed como independientes provenientes del <b>Estado de M\u00e9xico, Puebla, Hidalgo y locales.<\/b> <\/p>\n<p><b>\u201cTenemos alrededor de 105 expositores de diferentes uniones algunos libres, tenemos visita de comerciantes for\u00e1neos del Estado de M\u00e9xico, Puebla, Hidalgo y del municipio, mismos que estar\u00e1n a la espera de saber si les dar\u00e1n un par de d\u00edas m\u00e1s\u201d,<\/b> dijo <b>Mart\u00ednez Abud.<\/b><\/p>\n<p>Detall\u00f3 que los comerciantes ocupar\u00e1n una superficie aproximada de <b>800 metros<\/b> tanto de la <b>explanada del estacionamiento,<\/b> como del <b>\u00e1rea de canchas,<\/b> para ofrecer todo tipo de plantas, \u00e1rboles, flores y alimentos. <\/p>\n<p><b>\u201cLa ubicaci\u00f3n ser\u00e1 en ambas partes del Parque Morelos, en donde el personal de la direcci\u00f3n ya realiz\u00f3 una delimitaci\u00f3n y marcaje previo el d\u00eda jueves, para que el d\u00eda de hoy (viernes) se realice la entrega y que todos los comerciantes queden conformes\u201d,<\/b> dijo el encargado de despacho. <\/p>\n<p>Asimismo, puntualiz\u00f3 que la <b>seguridad de los asistentes est\u00e1 asegurada<\/b> a trav\u00e9s de la participaci\u00f3n de las direcciones de la <b>Secretar\u00eda de Seguridad Ciudadana,<\/b> desde la instalaci\u00f3n de una <b>caseta de vigilancia,<\/b> el <b>operativo vial por parte de Tr\u00e1nsito,<\/b> as\u00ed como las revisiones que realiza <b>Protecci\u00f3n Civil<\/b> de las instalaciones el\u00e9ctricas.<\/p>\n<\/div>\n<p><script>(function(d, s, id) {\nvar js, fjs = d.getElementsByTagName(s)[0];\nif (d.getElementById(id)) return;\njs = d.createElement(s); js.id = id;\njs.src = 'https:\/\/connect.facebook.net\/es_LA\/sdk.js#xfbml=1&version=v3.2&appId=899106460676237&autoLogAppEvents=1';\nfjs.parentNode.insertBefore(js, fjs);\n}(document, 'script', 'facebook-jssdk'));\n<\/script><\/p>\n","protected":false},"excerpt":{"rendered":"<p>CELAYA, Gto. (OEM-Informex).- La ma\u00f1a de ayer se entreg\u00f3 el metraje para los 105 comerciantes que se estar\u00e1n instalando del 1 al 21 de mayo en la Feria del \u00c1rbol y la Flor en el Parque Morelos. \u27a1\ufe0fSuscr\u00edbete a nuestra edici\u00f3n digital El director de Fiscalizaci\u00f3n, Salvador Mart\u00ednez Abud, inform\u00f3 que participar\u00e1n m\u00e1s 100 de [&hellip;]<\/p>\n","protected":false},"author":2,"featured_media":8863,"comment_status":"","ping_status":"","sticky":false,"template":"","format":"standard","meta":{"_monsterinsights_skip_tracking":false,"_monsterinsights_sitenote_active":false,"_monsterinsights_sitenote_note":"","_monsterinsights_sitenote_category":0,"footnotes":""},"categories":[8],"tags":[],"class_list":["post-8862","post","type-post","status-publish","format-standard","has-post-thumbnail","hentry","category-guanajuato"],"_links":{"self":[{"href":"https:\/\/informebajio.com.mx\/index.php?rest_route=\/wp\/v2\/posts\/8862","targetHints":{"allow":["GET"]}}],"collection":[{"href":"https:\/\/informebajio.com.mx\/index.php?rest_route=\/wp\/v2\/posts"}],"about":[{"href":"https:\/\/informebajio.com.mx\/index.php?rest_route=\/wp\/v2\/types\/post"}],"author":[{"embeddable":true,"href":"https:\/\/informebajio.com.mx\/index.php?rest_route=\/wp\/v2\/users\/2"}],"replies":[{"embeddable":true,"href":"https:\/\/informebajio.com.mx\/index.php?rest_route=%2Fwp%2Fv2%2Fcomments&post=8862"}],"version-history":[{"count":0,"href":"https:\/\/informebajio.com.mx\/index.php?rest_route=\/wp\/v2\/posts\/8862\/revisions"}],"wp:featuredmedia":[{"embeddable":true,"href":"https:\/\/informebajio.com.mx\/index.php?rest_route=\/wp\/v2\/media\/8863"}],"wp:attachment":[{"href":"https:\/\/informebajio.com.mx\/index.php?rest_route=%2Fwp%2Fv2%2Fmedia&parent=8862"}],"wp:term":[{"taxonomy":"category","embeddable":true,"href":"https:\/\/informebajio.com.mx\/index.php?rest_route=%2Fwp%2Fv2%2Fcategories&post=8862"},{"taxonomy":"post_tag","embeddable":true,"href":"https:\/\/informebajio.com.mx\/index.php?rest_route=%2Fwp%2Fv2%2Ftags&post=8862"}],"curies":[{"name":"wp","href":"https:\/\/api.w.org\/{rel}","templated":true}]}}