{"id":8868,"date":"2023-04-30T11:55:19","date_gmt":"2023-04-30T16:55:19","guid":{"rendered":"https:\/\/informebajio.com.mx\/?p=8868"},"modified":"2023-04-30T11:55:19","modified_gmt":"2023-04-30T16:55:19","slug":"un-muerto-y-seis-lesionados","status":"publish","type":"post","link":"https:\/\/informebajio.com.mx\/?p=8868","title":{"rendered":"Un muerto y seis lesionados"},"content":{"rendered":"<div>\n<p>POR: ALFONSO GARC\u00cdA<\/p>\n<p>Noticias<\/p>\n<p>\u00a0<\/p>\n<p><!-- Composite Start --><\/p>\n<p><!-- Composite End --><\/p>\n<p>Fue el saldo de aparatoso choque y volcadura en la libre a Celaya, a la altura de El Romeral, Corregidora<\/p>\n<p>Fatal percance vehicular ocurrido la tarde de ayer en la carretera libre a Celaya, a la altura de la colonia El Romeral, en el municipio de Corregidora, entre dos camionetas, una de transporte de personal y la otra que transportaba cascajo, dej\u00f3 como saldo una persona sin vida y seis m\u00e1s con diversas lesiones, una de gravedad.<\/p>\n<p>La colisi\u00f3n ocurri\u00f3 sobre el kil\u00f3metro 12+300, en un retorno que se encuentra a la altura de la colonia mencionada, al filo de las 17 horas, generando, en primer momento, la intervenci\u00f3n de personal de Protecci\u00f3n Civil Corregidora y elementos de la Secretar\u00eda de Seguridad P\u00fablica Municipal de la misma demarcaci\u00f3n, as\u00ed como Guardia Nacional y polic\u00edas estatales.<\/p>\n<p>La camioneta Nissan, pick-up, cargada con cascajo, tras el impacto con la parte frontal, volc\u00f3 y qued\u00f3 con las llantas hacia arriba, justo en la zona del retorno.<\/p>\n<p>La camioneta de transporte de personal, marca Nissan, atraves\u00f3 carriles que van en direcci\u00f3n a Celaya y se detuvo al impactarse con la parte frontal contra un letrero met\u00e1lico. Esta unidad presentaba da\u00f1os en el costado izquierdo por el golpe de la \u201cpick-up\u201d.<\/p>\n<p>Al generarse la movilizaci\u00f3n por parte de param\u00e9dicos, tras confirmarse la muerte de una persona, de sexo masculino, la atenci\u00f3n se centr\u00f3 en las otras seis personas, una de las cuales result\u00f3 con lesiones de gravedad por lo que fue trasladada a un nosocomio.<\/p>\n<p>A la vez, en el lugar, al confirmarse el deceso de una persona, elementos policiales procedieron al acordonamiento de la zona, produci\u00e9ndose una reducci\u00f3n de carriles en ambos sentidos, lo que agudiz\u00f3 la circulaci\u00f3n tanto en direcci\u00f3n a Quer\u00e9taro como a Celaya, hasta que concluyeron las diligencias oficiales y se realiz\u00f3 el retiro de los veh\u00edculos colisionados.<\/p>\n<p>En su momento, peritos de la Direcci\u00f3n de Servicios Periciales llevaron a cabo el procesamiento del lugar y posteriormente el traslado del cuerpo sin vida al Servicio M\u00e9dico Forense.<\/p>\n<p>No est\u00e1 de m\u00e1s recordar que en esa zona se han producido ya diversos percances vehiculares, algunos con fatales consecuencias, como el ocurrido ayer, tanto por el exceso de velocidad, como por la falta de precauci\u00f3n al utilizarse dicho retorno.<\/p>\n<p><img loading=\"lazy\" decoding=\"async\" class=\"alignnone size-medium wp-image-597062\" src=\"https:\/\/cdn.noticiasdequeretaro.com.mx\/wp-content\/uploads\/2023\/04\/30093436\/29-DEBIDO...-600x397.jpg\" alt=\"\" width=\"600\" height=\"397\" srcset=\"https:\/\/cdn.noticiasdequeretaro.com.mx\/wp-content\/uploads\/2023\/04\/30093436\/29-DEBIDO...-600x397.jpg 600w, https:\/\/cdn.noticiasdequeretaro.com.mx\/wp-content\/uploads\/2023\/04\/30093436\/29-DEBIDO...-1024x678.jpg 1024w, https:\/\/cdn.noticiasdequeretaro.com.mx\/wp-content\/uploads\/2023\/04\/30093436\/29-DEBIDO...-300x199.jpg 300w, https:\/\/cdn.noticiasdequeretaro.com.mx\/wp-content\/uploads\/2023\/04\/30093436\/29-DEBIDO...-768x509.jpg 768w, https:\/\/cdn.noticiasdequeretaro.com.mx\/wp-content\/uploads\/2023\/04\/30093436\/29-DEBIDO...-1536x1017.jpg 1536w, https:\/\/cdn.noticiasdequeretaro.com.mx\/wp-content\/uploads\/2023\/04\/30093436\/29-DEBIDO...-2048x1357.jpg 2048w\" sizes=\"auto, (max-width: 600px) 100vw, 600px\"\/> <img loading=\"lazy\" decoding=\"async\" class=\"alignnone size-medium wp-image-597063\" src=\"https:\/\/cdn.noticiasdequeretaro.com.mx\/wp-content\/uploads\/2023\/04\/30093448\/29-LA...-600x397.jpg\" alt=\"\" width=\"600\" height=\"397\" srcset=\"https:\/\/cdn.noticiasdequeretaro.com.mx\/wp-content\/uploads\/2023\/04\/30093448\/29-LA...-600x397.jpg 600w, https:\/\/cdn.noticiasdequeretaro.com.mx\/wp-content\/uploads\/2023\/04\/30093448\/29-LA...-1024x678.jpg 1024w, https:\/\/cdn.noticiasdequeretaro.com.mx\/wp-content\/uploads\/2023\/04\/30093448\/29-LA...-300x199.jpg 300w, https:\/\/cdn.noticiasdequeretaro.com.mx\/wp-content\/uploads\/2023\/04\/30093448\/29-LA...-768x509.jpg 768w, https:\/\/cdn.noticiasdequeretaro.com.mx\/wp-content\/uploads\/2023\/04\/30093448\/29-LA...-1536x1017.jpg 1536w, https:\/\/cdn.noticiasdequeretaro.com.mx\/wp-content\/uploads\/2023\/04\/30093448\/29-LA...-2048x1356.jpg 2048w\" sizes=\"auto, (max-width: 600px) 100vw, 600px\"\/> \u00a0<img loading=\"lazy\" decoding=\"async\" class=\"alignnone size-medium wp-image-597065\" src=\"https:\/\/cdn.noticiasdequeretaro.com.mx\/wp-content\/uploads\/2023\/04\/30093506\/29-TRAS...-600x450.jpg\" alt=\"\" width=\"600\" height=\"450\" srcset=\"https:\/\/cdn.noticiasdequeretaro.com.mx\/wp-content\/uploads\/2023\/04\/30093506\/29-TRAS...-600x450.jpg 600w, https:\/\/cdn.noticiasdequeretaro.com.mx\/wp-content\/uploads\/2023\/04\/30093506\/29-TRAS...-1024x768.jpg 1024w, https:\/\/cdn.noticiasdequeretaro.com.mx\/wp-content\/uploads\/2023\/04\/30093506\/29-TRAS...-300x225.jpg 300w, https:\/\/cdn.noticiasdequeretaro.com.mx\/wp-content\/uploads\/2023\/04\/30093506\/29-TRAS...-768x576.jpg 768w, https:\/\/cdn.noticiasdequeretaro.com.mx\/wp-content\/uploads\/2023\/04\/30093506\/29-TRAS...-1536x1152.jpg 1536w, https:\/\/cdn.noticiasdequeretaro.com.mx\/wp-content\/uploads\/2023\/04\/30093506\/29-TRAS....jpg 1600w\" sizes=\"auto, (max-width: 600px) 100vw, 600px\"\/> <img loading=\"lazy\" decoding=\"async\" class=\"alignnone size-medium wp-image-597066\" src=\"https:\/\/cdn.noticiasdequeretaro.com.mx\/wp-content\/uploads\/2023\/04\/30093514\/29-UNA-VEZ...-600x397.jpg\" alt=\"\" width=\"600\" height=\"397\" srcset=\"https:\/\/cdn.noticiasdequeretaro.com.mx\/wp-content\/uploads\/2023\/04\/30093514\/29-UNA-VEZ...-600x397.jpg 600w, https:\/\/cdn.noticiasdequeretaro.com.mx\/wp-content\/uploads\/2023\/04\/30093514\/29-UNA-VEZ...-1024x678.jpg 1024w, https:\/\/cdn.noticiasdequeretaro.com.mx\/wp-content\/uploads\/2023\/04\/30093514\/29-UNA-VEZ...-300x199.jpg 300w, https:\/\/cdn.noticiasdequeretaro.com.mx\/wp-content\/uploads\/2023\/04\/30093514\/29-UNA-VEZ...-768x509.jpg 768w, https:\/\/cdn.noticiasdequeretaro.com.mx\/wp-content\/uploads\/2023\/04\/30093514\/29-UNA-VEZ...-1536x1017.jpg 1536w, https:\/\/cdn.noticiasdequeretaro.com.mx\/wp-content\/uploads\/2023\/04\/30093514\/29-UNA-VEZ...-2048x1356.jpg 2048w\" sizes=\"auto, (max-width: 600px) 100vw, 600px\"\/><\/p>\n<\/div>\n<p><\/p>\n","protected":false},"excerpt":{"rendered":"<p>POR: ALFONSO GARC\u00cdA Noticias \u00a0 Fue el saldo de aparatoso choque y volcadura en la libre a Celaya, a la altura de El Romeral, Corregidora Fatal percance vehicular ocurrido la tarde de ayer en la carretera libre a Celaya, a la altura de la colonia El Romeral, en el municipio de Corregidora, entre dos camionetas, [&hellip;]<\/p>\n","protected":false},"author":2,"featured_media":8869,"comment_status":"","ping_status":"","sticky":false,"template":"","format":"standard","meta":{"_monsterinsights_skip_tracking":false,"_monsterinsights_sitenote_active":false,"_monsterinsights_sitenote_note":"","_monsterinsights_sitenote_category":0,"footnotes":""},"categories":[4],"tags":[],"class_list":["post-8868","post","type-post","status-publish","format-standard","has-post-thumbnail","hentry","category-queretaro"],"_links":{"self":[{"href":"https:\/\/informebajio.com.mx\/index.php?rest_route=\/wp\/v2\/posts\/8868","targetHints":{"allow":["GET"]}}],"collection":[{"href":"https:\/\/informebajio.com.mx\/index.php?rest_route=\/wp\/v2\/posts"}],"about":[{"href":"https:\/\/informebajio.com.mx\/index.php?rest_route=\/wp\/v2\/types\/post"}],"author":[{"embeddable":true,"href":"https:\/\/informebajio.com.mx\/index.php?rest_route=\/wp\/v2\/users\/2"}],"replies":[{"embeddable":true,"href":"https:\/\/informebajio.com.mx\/index.php?rest_route=%2Fwp%2Fv2%2Fcomments&post=8868"}],"version-history":[{"count":0,"href":"https:\/\/informebajio.com.mx\/index.php?rest_route=\/wp\/v2\/posts\/8868\/revisions"}],"wp:featuredmedia":[{"embeddable":true,"href":"https:\/\/informebajio.com.mx\/index.php?rest_route=\/wp\/v2\/media\/8869"}],"wp:attachment":[{"href":"https:\/\/informebajio.com.mx\/index.php?rest_route=%2Fwp%2Fv2%2Fmedia&parent=8868"}],"wp:term":[{"taxonomy":"category","embeddable":true,"href":"https:\/\/informebajio.com.mx\/index.php?rest_route=%2Fwp%2Fv2%2Fcategories&post=8868"},{"taxonomy":"post_tag","embeddable":true,"href":"https:\/\/informebajio.com.mx\/index.php?rest_route=%2Fwp%2Fv2%2Ftags&post=8868"}],"curies":[{"name":"wp","href":"https:\/\/api.w.org\/{rel}","templated":true}]}}