{"id":8878,"date":"2023-04-30T17:10:43","date_gmt":"2023-04-30T22:10:43","guid":{"rendered":"https:\/\/informebajio.com.mx\/?p=8878"},"modified":"2023-04-30T17:10:43","modified_gmt":"2023-04-30T22:10:43","slug":"conamed-recibe-al-comisionado-estatal-de-la-cameq-y-su-equipo","status":"publish","type":"post","link":"https:\/\/informebajio.com.mx\/?p=8878","title":{"rendered":"CONAMED recibe al Comisionado  Estatal de la CAMEQ y su equipo"},"content":{"rendered":"<div>\n<p>Adem\u00e1s de la firma del Convenio se realiz\u00f3 un recorrido por las diferentes \u00e1reas de la CONAMED.<\/p>\n<p>\u00a0<\/p>\n<p>Noticias<\/p>\n<p><!-- Composite Start --><\/p>\n<p><!-- Composite End --><\/p>\n<p>\u00a0<\/p>\n<p>En seguimiento a las actividades de colaboraci\u00f3n de la CONAMED con las Comisiones Estatales de Arbitraje M\u00e9dico, el jueves el Comisionado de Arbitraje M\u00e9dico del Estado de Quer\u00e9taro y su equipo de trabajo, asistieron a la firma del Convenio Espec\u00edfico de Colaboraci\u00f3n entre ambas instituciones.<\/p>\n<p>El Lic. Juan Antonio Orozco Montoya, Subcomisionado Jur\u00eddico y Responsable del Despacho de los Asuntos de la Comisi\u00f3n Nacional de Arbitraje M\u00e9dico, dio la bienvenida al Dr. Genaro Vega Malag\u00f3n, titular de la Comisi\u00f3n de Arbitraje M\u00e9dico de Quer\u00e9taro, CAMEQ y al equipo que lo acompa\u00f1\u00f3, resaltando la importancia de continuar estrechando lazos de colaboraci\u00f3n en beneficio de la poblaci\u00f3n.<\/p>\n<p>El Mtro. Iv\u00e1n Gonz\u00e1lez Del Valle, Director General de Orientaci\u00f3n y Gesti\u00f3n, habl\u00f3 sobre la importancia de este convenio para coordinar y establecer un modelo de atenci\u00f3n homog\u00e9neo, teniendo como punto toral la calidad y\u00a0atenci\u00f3n del paciente.<\/p>\n<p>Por su parte la Dra. Liliana Hern\u00e1ndez Mendoza, Directora General de Conciliaci\u00f3n, enfatiz\u00f3 que con la firma de este Convenio se pueden estrechar los lazos de comunicaci\u00f3n con el \u00e1rea de Conciliaci\u00f3n, sobre todo cuando son necesarias las audiencias por videoconferencia y al contar con el apoyo de la CAMEQ para dar tr\u00e1mite a la firma de las actas de audiencia\u00a0y hacer\u00a0m\u00e1s s\u00f3lido el proceso de la Conciliaci\u00f3n.<\/p>\n<p>En tanto la Dra. Leticia De Anda Aguilar, Directora de Sala Arbitral, extern\u00f3 el mensaje de estrechar los v\u00ednculos y seguir colaborando como se ha venido haciendo a trav\u00e9s de los diferentes convenios en los que ambas instituciones han participado y que la CONAMED pueda brindar todo el apoyo a la CAMEQ para fortalecer las acciones que se plasman con la firma de este Convenio.<\/p>\n<p>Durante la firma del convenio el Dr. Vega Malag\u00f3n, destac\u00f3 que la CAMEQ ha trabajado en conjunto con la CONAMED a lo largo del tiempo y se concreta nuevamente la disposici\u00f3n de seguir en ese camino.<\/p>\n<p>Al t\u00e9rmino de la firma de convenio, se realiz\u00f3 un recorrido por las diferentes \u00e1reas que integran la CONAMED donde se les proporcionaba una breve descripci\u00f3n de las actividades que se llevan a cabo en cada una.<\/p>\n<p>Acompa\u00f1aron al Dr. Genaro Vega Malag\u00f3n, Comisionado Estatal de la CAMEQ, el Dr. Fernando Jos\u00e9 Cruz L\u00f3pez, Subcomisionado de Recepci\u00f3n y Seguimiento de Quejas y de Divulgaci\u00f3n, la Lic. Lorena Yazm\u00edn Hern\u00e1ndez Valeriano, Subcomisionada de Conciliaci\u00f3n y Arbitraje, el Lic. Jasein Haddad Cort\u00e9s Ahumada, Asesor Jur\u00eddico y la Lic. Gabriela Espinoza Cervantes, Administradora.<\/p>\n<p><img loading=\"lazy\" decoding=\"async\" class=\"alignnone size-medium wp-image-597033\" src=\"https:\/\/cdn.noticiasdequeretaro.com.mx\/wp-content\/uploads\/2023\/04\/29125530\/image003-2-600x422.jpg\" alt=\"\" width=\"600\" height=\"422\" srcset=\"https:\/\/cdn.noticiasdequeretaro.com.mx\/wp-content\/uploads\/2023\/04\/29125530\/image003-2-600x422.jpg 600w, https:\/\/cdn.noticiasdequeretaro.com.mx\/wp-content\/uploads\/2023\/04\/29125530\/image003-2-1024x720.jpg 1024w, https:\/\/cdn.noticiasdequeretaro.com.mx\/wp-content\/uploads\/2023\/04\/29125530\/image003-2-300x211.jpg 300w, https:\/\/cdn.noticiasdequeretaro.com.mx\/wp-content\/uploads\/2023\/04\/29125530\/image003-2-768x540.jpg 768w, https:\/\/cdn.noticiasdequeretaro.com.mx\/wp-content\/uploads\/2023\/04\/29125530\/image003-2.jpg 1344w\" sizes=\"auto, (max-width: 600px) 100vw, 600px\"\/> <img loading=\"lazy\" decoding=\"async\" class=\"alignnone size-medium wp-image-597034\" src=\"https:\/\/cdn.noticiasdequeretaro.com.mx\/wp-content\/uploads\/2023\/04\/29125550\/image005-1-600x214.jpg\" alt=\"\" width=\"600\" height=\"214\" srcset=\"https:\/\/cdn.noticiasdequeretaro.com.mx\/wp-content\/uploads\/2023\/04\/29125550\/image005-1-600x214.jpg 600w, https:\/\/cdn.noticiasdequeretaro.com.mx\/wp-content\/uploads\/2023\/04\/29125550\/image005-1-1024x365.jpg 1024w, https:\/\/cdn.noticiasdequeretaro.com.mx\/wp-content\/uploads\/2023\/04\/29125550\/image005-1-300x107.jpg 300w, https:\/\/cdn.noticiasdequeretaro.com.mx\/wp-content\/uploads\/2023\/04\/29125550\/image005-1-768x274.jpg 768w, https:\/\/cdn.noticiasdequeretaro.com.mx\/wp-content\/uploads\/2023\/04\/29125550\/image005-1.jpg 1504w\" sizes=\"auto, (max-width: 600px) 100vw, 600px\"\/><\/p>\n<\/div>\n<p><\/p>\n","protected":false},"excerpt":{"rendered":"<p>Adem\u00e1s de la firma del Convenio se realiz\u00f3 un recorrido por las diferentes \u00e1reas de la CONAMED. \u00a0 Noticias \u00a0 En seguimiento a las actividades de colaboraci\u00f3n de la CONAMED con las Comisiones Estatales de Arbitraje M\u00e9dico, el jueves el Comisionado de Arbitraje M\u00e9dico del Estado de Quer\u00e9taro y su equipo de trabajo, asistieron a [&hellip;]<\/p>\n","protected":false},"author":2,"featured_media":8879,"comment_status":"","ping_status":"","sticky":false,"template":"","format":"standard","meta":{"_monsterinsights_skip_tracking":false,"_monsterinsights_sitenote_active":false,"_monsterinsights_sitenote_note":"","_monsterinsights_sitenote_category":0,"footnotes":""},"categories":[4],"tags":[],"class_list":["post-8878","post","type-post","status-publish","format-standard","has-post-thumbnail","hentry","category-queretaro"],"_links":{"self":[{"href":"https:\/\/informebajio.com.mx\/index.php?rest_route=\/wp\/v2\/posts\/8878","targetHints":{"allow":["GET"]}}],"collection":[{"href":"https:\/\/informebajio.com.mx\/index.php?rest_route=\/wp\/v2\/posts"}],"about":[{"href":"https:\/\/informebajio.com.mx\/index.php?rest_route=\/wp\/v2\/types\/post"}],"author":[{"embeddable":true,"href":"https:\/\/informebajio.com.mx\/index.php?rest_route=\/wp\/v2\/users\/2"}],"replies":[{"embeddable":true,"href":"https:\/\/informebajio.com.mx\/index.php?rest_route=%2Fwp%2Fv2%2Fcomments&post=8878"}],"version-history":[{"count":0,"href":"https:\/\/informebajio.com.mx\/index.php?rest_route=\/wp\/v2\/posts\/8878\/revisions"}],"wp:featuredmedia":[{"embeddable":true,"href":"https:\/\/informebajio.com.mx\/index.php?rest_route=\/wp\/v2\/media\/8879"}],"wp:attachment":[{"href":"https:\/\/informebajio.com.mx\/index.php?rest_route=%2Fwp%2Fv2%2Fmedia&parent=8878"}],"wp:term":[{"taxonomy":"category","embeddable":true,"href":"https:\/\/informebajio.com.mx\/index.php?rest_route=%2Fwp%2Fv2%2Fcategories&post=8878"},{"taxonomy":"post_tag","embeddable":true,"href":"https:\/\/informebajio.com.mx\/index.php?rest_route=%2Fwp%2Fv2%2Ftags&post=8878"}],"curies":[{"name":"wp","href":"https:\/\/api.w.org\/{rel}","templated":true}]}}