{"id":8902,"date":"2023-05-01T08:51:23","date_gmt":"2023-05-01T13:51:23","guid":{"rendered":"https:\/\/informebajio.com.mx\/?p=8902"},"modified":"2023-05-01T08:51:23","modified_gmt":"2023-05-01T13:51:23","slug":"la-fgr-sin-voluntad-para-aceptar-ayuda-internacional-en-caso-juarez-critican-ong","status":"publish","type":"post","link":"https:\/\/informebajio.com.mx\/?p=8902","title":{"rendered":"La FGR, sin voluntad para aceptar ayuda internacional en caso Ju\u00e1rez, critican ONG"},"content":{"rendered":"<div id=\"article-content-tts\">\n<div id=\"content_nitf\">\n<p>A pesar de que la Fiscal\u00eda General de la Rep\u00fablica (FGR) acept\u00f3 el apoyo t\u00e9cnico de la Organizaci\u00f3n de Naciones Unidas (ONU) para investigar el incendio en la estaci\u00f3n del Instituto Nacional de Migraci\u00f3n (INM) en Ciudad Ju\u00e1rez, en los hechos no lo admite, porque ning\u00fan experto del organismo multinacional est\u00e1 ayudando en la pesquisa, denunci\u00f3 Lorena Delgadillo P\u00e9rez, directora de la Fundaci\u00f3n para la Justicia.<\/p>\n<p>Integrantes de organizaciones civiles como Fundaci\u00f3n para la Justicia, Grupo de Trabajo sobre Pol\u00edtica Migratoria y Albergue Tochan se reunieron ayer en el <em>antimonumento +72<\/em> en Paseo de la Reforma, frente a la embajada de Estados Unidos, para exigir justicia por las 40 v\u00edctimas del incendio de hace un mes.<\/p>\n<p>Con veladoras, flores y fotograf\u00edas recordaron a los indocumentados que fallecieron en la estaci\u00f3n y demandaron que la FGR admita la ayuda de expertos de la ONU.<\/p>\n<p>\u201cAcept\u00f3 en el discurso que expertos de Naciones Unidas apoyen en las investigaciones y colaboren en un marco legal para que se avance, pero no hay voluntad, porque si la fiscal\u00eda quisiera, habr\u00eda mucho apoyo internacional para que esto avance, porque hay mucha indignaci\u00f3n. Somos uno de los corredores migrantes m\u00e1s violentos del mundo y se requiere un abordaje trasnacional para frenar la impunidad\u201d, puntualiz\u00f3 Delgadillo P\u00e9rez.<\/p>\n<p>En conversaci\u00f3n durante la protesta, se\u00f1al\u00f3 que el comisionado del INM, Francisco Gardu\u00f1o, debe ser investigado por homicidio y no por ejercicio indebido del servicio p\u00fablico, porque ya sab\u00eda de irregularidades en otras estaciones migratorias. \u201cDebi\u00f3 haber asegurado protocolos, no debi\u00f3 permitir hacinamiento. No deber\u00eda haber sido parte de una pol\u00edtica que detiene colectivamente y en la que prevalece la detenci\u00f3n, porque es un patr\u00f3n y lo sab\u00eda\u201d.<\/p>\n<\/div>\n<\/div>\n<p><script>\n      !function(f,b,e,v,n,t,s)\n      {if(f.fbq)return;n=f.fbq=function(){n.callMethod?\n      n.callMethod.apply(n,arguments):n.queue.push(arguments)};\n      if(!f._fbq)f._fbq=n;n.push=n;n.loaded=!0;n.version='2.0';\n      n.queue=[];t=b.createElement(e);t.async=!0;\n      t.src=v;s=b.getElementsByTagName(e)[0];\n      s.parentNode.insertBefore(t,s)}(window, document,'script',\n      'https:\/\/connect.facebook.net\/en_US\/fbevents.js');\n      fbq('init', '133913093805922');\n      fbq('track', 'PageView');\n      fbq('track', 'Contact');\n      fbq('track', 'Donate');\n      fbq('track', 'FindLocation');\n      fbq('track', 'Lead');\n      fbq('track', 'Search');\n      fbq('track', 'Subscribe', {value: '0.00', currency: 'MXN', predicted_ltv: '0.00'});\n      fbq('track', 'ViewContent');\n    <\/script><script type=\"text\/javascript\">(function(d, s, id) {\n\t  var js, fjs = d.getElementsByTagName(s)[0];\n\t  if (d.getElementById(id)) return;\n\t  js = d.createElement(s); js.id = id;\n\t  js.src = \"\/\/connect.facebook.net\/es_LA\/sdk.js#xfbml=1&amp;version=v3.3&amp;appId=774389309362880\";\n\t  fjs.parentNode.insertBefore(js, fjs);\n\t}(document, 'script', 'facebook-jssdk'));<\/script><\/p>\n","protected":false},"excerpt":{"rendered":"<p>A pesar de que la Fiscal\u00eda General de la Rep\u00fablica (FGR) acept\u00f3 el apoyo t\u00e9cnico de la Organizaci\u00f3n de Naciones Unidas (ONU) para investigar el incendio en la estaci\u00f3n del Instituto Nacional de Migraci\u00f3n (INM) en Ciudad Ju\u00e1rez, en los hechos no lo admite, porque ning\u00fan experto del organismo multinacional est\u00e1 ayudando en la pesquisa, [&hellip;]<\/p>\n","protected":false},"author":2,"featured_media":8903,"comment_status":"","ping_status":"","sticky":false,"template":"","format":"standard","meta":{"_monsterinsights_skip_tracking":false,"_monsterinsights_sitenote_active":false,"_monsterinsights_sitenote_note":"","_monsterinsights_sitenote_category":0,"footnotes":""},"categories":[9],"tags":[],"class_list":["post-8902","post","type-post","status-publish","format-standard","has-post-thumbnail","hentry","category-deportes"],"_links":{"self":[{"href":"https:\/\/informebajio.com.mx\/index.php?rest_route=\/wp\/v2\/posts\/8902","targetHints":{"allow":["GET"]}}],"collection":[{"href":"https:\/\/informebajio.com.mx\/index.php?rest_route=\/wp\/v2\/posts"}],"about":[{"href":"https:\/\/informebajio.com.mx\/index.php?rest_route=\/wp\/v2\/types\/post"}],"author":[{"embeddable":true,"href":"https:\/\/informebajio.com.mx\/index.php?rest_route=\/wp\/v2\/users\/2"}],"replies":[{"embeddable":true,"href":"https:\/\/informebajio.com.mx\/index.php?rest_route=%2Fwp%2Fv2%2Fcomments&post=8902"}],"version-history":[{"count":0,"href":"https:\/\/informebajio.com.mx\/index.php?rest_route=\/wp\/v2\/posts\/8902\/revisions"}],"wp:featuredmedia":[{"embeddable":true,"href":"https:\/\/informebajio.com.mx\/index.php?rest_route=\/wp\/v2\/media\/8903"}],"wp:attachment":[{"href":"https:\/\/informebajio.com.mx\/index.php?rest_route=%2Fwp%2Fv2%2Fmedia&parent=8902"}],"wp:term":[{"taxonomy":"category","embeddable":true,"href":"https:\/\/informebajio.com.mx\/index.php?rest_route=%2Fwp%2Fv2%2Fcategories&post=8902"},{"taxonomy":"post_tag","embeddable":true,"href":"https:\/\/informebajio.com.mx\/index.php?rest_route=%2Fwp%2Fv2%2Ftags&post=8902"}],"curies":[{"name":"wp","href":"https:\/\/api.w.org\/{rel}","templated":true}]}}