{"id":8920,"date":"2023-05-01T14:10:18","date_gmt":"2023-05-01T19:10:18","guid":{"rendered":"https:\/\/informebajio.com.mx\/?p=8920"},"modified":"2023-05-01T14:10:18","modified_gmt":"2023-05-01T19:10:18","slug":"el-organal-rompera-record-en-ventas-de-rosas-por-dia-de-las-madres","status":"publish","type":"post","link":"https:\/\/informebajio.com.mx\/?p=8920","title":{"rendered":"El Organal romper\u00e1 r\u00e9cord en ventas de rosas por D\u00eda de las Madres"},"content":{"rendered":"<div>\n<p>Por Josefina Herrera<\/p>\n<p>Noticias<\/p>\n<p>\u00a0<\/p>\n<p><!-- Composite Start --><\/p>\n<p><!-- Composite End --><\/p>\n<p>Jos\u00e9 Francisco Landeras Layseca, titular de la Secretar\u00eda de Desarrollo Econ\u00f3mico, Empresarial y Turismo en San Juan del R\u00edo, refiri\u00f3 que para este pr\u00f3ximo 10 de mayo se espera una buena temporada por venta de rosas en El Organal.<\/p>\n<p>Aunque las precipitaciones pluviales en este municipio han sido m\u00ednimas, para los productores de rosas es una ventaja, ya que logran obtener una cosecha completa, lo cual es ben\u00e9fico para ellos considerando la gran cantidad de pedidos que se les realizan para esta fecha.<\/p>\n<p>El funcionario se\u00f1al\u00f3 que anteriormente se enfrentaban fuertes granizadas o lluvias torrenciales que terminaban da\u00f1ando su producci\u00f3n, y esto se deb\u00eda a que los ciclos eran m\u00e1s exactos, pero con el cambio clim\u00e1tico ahora es impredecible.<\/p>\n<p>Explic\u00f3 que aunque se registra una fuerte sequ\u00eda en aguas superficiales, se aprovechan los sistemas de riego por goteo para lograr conseguir un mayor aprovechamiento del recurso h\u00eddrico.<\/p>\n<p>Indic\u00f3 que en dicha comunidad hay m\u00e1s de 300 hect\u00e1reas que est\u00e1n enfocadas a la producci\u00f3n de la rosa, y que el 80 por ciento de su venta es en la ciudad de M\u00e9xico, Guadalajara o el centro del pa\u00eds, por ello se tienen grandes expectativas para este pr\u00f3ximo 10 de mayo.<\/p>\n<p>Cabe recordar que los floricultores padecieron una fuerte crisis a inicios de la pandemia, no s\u00f3lo por esta emergencia sanitaria sino tambi\u00e9n por las fuertes lluvias que cayeron durante ese tiempo, pero desde el a\u00f1o pasado su recuperaci\u00f3n fue mayor.<\/p>\n<p>\u201cEste a\u00f1o se pretende que nuestros productores rompan r\u00e9cord en ventas de rosas, esperemos que as\u00ed sea. Ha habido apoyos por parte de gobierno del estado y capacitaci\u00f3n que el municipio ha ofrecido por lo que los productores tienen mucha fe que este a\u00f1o se superar\u00e1n las ventas que ten\u00edan antes de la pandemia. Son m\u00e1s de 23 mil gruesas de rosas las que se comercializar\u00e1n y cada gruesa considera un total de 144 rosas\u201d.<\/p>\n<p>Agreg\u00f3 que aunque pudieran caer algunas lluvias previo al D\u00eda de las Madres, m\u00e1s del 50 por ciento de su producci\u00f3n ya est\u00e1 tecnificada, siendo un producto de mayor calidad porque no est\u00e1 a la intemperie o expuesta a plagas porque se conserva dentro de los invernaderos, por lo tanto es la que m\u00e1s venta tiene en las florer\u00edas.<\/p>\n<p>Por otro lado, coment\u00f3 que a trav\u00e9s de la Secretar\u00eda de Finanzas y gobierno se buscar\u00e1 el poderles brindar facilidades para que los vendedores de rosas al menudeo de este municipio realicen sus actividades comerciales previo y durante el d\u00eda de las Madres.<\/p>\n<p>\u00a0<\/p>\n<p><img loading=\"lazy\" decoding=\"async\" class=\"alignnone size-medium wp-image-597132\" src=\"https:\/\/cdn.noticiasdequeretaro.com.mx\/wp-content\/uploads\/2023\/04\/30143152\/Venta-rosas-2-600x450.jpg\" alt=\"\" width=\"600\" height=\"450\" srcset=\"https:\/\/cdn.noticiasdequeretaro.com.mx\/wp-content\/uploads\/2023\/04\/30143152\/Venta-rosas-2-600x450.jpg 600w, https:\/\/cdn.noticiasdequeretaro.com.mx\/wp-content\/uploads\/2023\/04\/30143152\/Venta-rosas-2-1024x768.jpg 1024w, https:\/\/cdn.noticiasdequeretaro.com.mx\/wp-content\/uploads\/2023\/04\/30143152\/Venta-rosas-2-300x225.jpg 300w, https:\/\/cdn.noticiasdequeretaro.com.mx\/wp-content\/uploads\/2023\/04\/30143152\/Venta-rosas-2-768x576.jpg 768w, https:\/\/cdn.noticiasdequeretaro.com.mx\/wp-content\/uploads\/2023\/04\/30143152\/Venta-rosas-2.jpg 1280w\" sizes=\"auto, (max-width: 600px) 100vw, 600px\"\/> <img loading=\"lazy\" decoding=\"async\" class=\"alignnone size-medium wp-image-597133\" src=\"https:\/\/cdn.noticiasdequeretaro.com.mx\/wp-content\/uploads\/2023\/04\/30143218\/Venta-Rosas-3-600x450.jpg\" alt=\"\" width=\"600\" height=\"450\" srcset=\"https:\/\/cdn.noticiasdequeretaro.com.mx\/wp-content\/uploads\/2023\/04\/30143218\/Venta-Rosas-3-600x450.jpg 600w, https:\/\/cdn.noticiasdequeretaro.com.mx\/wp-content\/uploads\/2023\/04\/30143218\/Venta-Rosas-3-1024x768.jpg 1024w, https:\/\/cdn.noticiasdequeretaro.com.mx\/wp-content\/uploads\/2023\/04\/30143218\/Venta-Rosas-3-300x225.jpg 300w, https:\/\/cdn.noticiasdequeretaro.com.mx\/wp-content\/uploads\/2023\/04\/30143218\/Venta-Rosas-3-768x576.jpg 768w, https:\/\/cdn.noticiasdequeretaro.com.mx\/wp-content\/uploads\/2023\/04\/30143218\/Venta-Rosas-3.jpg 1280w\" sizes=\"auto, (max-width: 600px) 100vw, 600px\"\/> <img loading=\"lazy\" decoding=\"async\" class=\"alignnone size-medium wp-image-597134\" src=\"https:\/\/cdn.noticiasdequeretaro.com.mx\/wp-content\/uploads\/2023\/04\/30143232\/Venta-rosas-600x450.jpg\" alt=\"\" width=\"600\" height=\"450\" srcset=\"https:\/\/cdn.noticiasdequeretaro.com.mx\/wp-content\/uploads\/2023\/04\/30143232\/Venta-rosas-600x450.jpg 600w, https:\/\/cdn.noticiasdequeretaro.com.mx\/wp-content\/uploads\/2023\/04\/30143232\/Venta-rosas-1024x768.jpg 1024w, https:\/\/cdn.noticiasdequeretaro.com.mx\/wp-content\/uploads\/2023\/04\/30143232\/Venta-rosas-300x225.jpg 300w, https:\/\/cdn.noticiasdequeretaro.com.mx\/wp-content\/uploads\/2023\/04\/30143232\/Venta-rosas-768x576.jpg 768w, https:\/\/cdn.noticiasdequeretaro.com.mx\/wp-content\/uploads\/2023\/04\/30143232\/Venta-rosas.jpg 1280w\" sizes=\"auto, (max-width: 600px) 100vw, 600px\"\/><\/p>\n<\/div>\n<p><\/p>\n","protected":false},"excerpt":{"rendered":"<p>Por Josefina Herrera Noticias \u00a0 Jos\u00e9 Francisco Landeras Layseca, titular de la Secretar\u00eda de Desarrollo Econ\u00f3mico, Empresarial y Turismo en San Juan del R\u00edo, refiri\u00f3 que para este pr\u00f3ximo 10 de mayo se espera una buena temporada por venta de rosas en El Organal. Aunque las precipitaciones pluviales en este municipio han sido m\u00ednimas, para [&hellip;]<\/p>\n","protected":false},"author":2,"featured_media":8921,"comment_status":"","ping_status":"","sticky":false,"template":"","format":"standard","meta":{"_monsterinsights_skip_tracking":false,"_monsterinsights_sitenote_active":false,"_monsterinsights_sitenote_note":"","_monsterinsights_sitenote_category":0,"footnotes":""},"categories":[4],"tags":[],"class_list":["post-8920","post","type-post","status-publish","format-standard","has-post-thumbnail","hentry","category-queretaro"],"_links":{"self":[{"href":"https:\/\/informebajio.com.mx\/index.php?rest_route=\/wp\/v2\/posts\/8920","targetHints":{"allow":["GET"]}}],"collection":[{"href":"https:\/\/informebajio.com.mx\/index.php?rest_route=\/wp\/v2\/posts"}],"about":[{"href":"https:\/\/informebajio.com.mx\/index.php?rest_route=\/wp\/v2\/types\/post"}],"author":[{"embeddable":true,"href":"https:\/\/informebajio.com.mx\/index.php?rest_route=\/wp\/v2\/users\/2"}],"replies":[{"embeddable":true,"href":"https:\/\/informebajio.com.mx\/index.php?rest_route=%2Fwp%2Fv2%2Fcomments&post=8920"}],"version-history":[{"count":0,"href":"https:\/\/informebajio.com.mx\/index.php?rest_route=\/wp\/v2\/posts\/8920\/revisions"}],"wp:featuredmedia":[{"embeddable":true,"href":"https:\/\/informebajio.com.mx\/index.php?rest_route=\/wp\/v2\/media\/8921"}],"wp:attachment":[{"href":"https:\/\/informebajio.com.mx\/index.php?rest_route=%2Fwp%2Fv2%2Fmedia&parent=8920"}],"wp:term":[{"taxonomy":"category","embeddable":true,"href":"https:\/\/informebajio.com.mx\/index.php?rest_route=%2Fwp%2Fv2%2Fcategories&post=8920"},{"taxonomy":"post_tag","embeddable":true,"href":"https:\/\/informebajio.com.mx\/index.php?rest_route=%2Fwp%2Fv2%2Ftags&post=8920"}],"curies":[{"name":"wp","href":"https:\/\/api.w.org\/{rel}","templated":true}]}}