{"id":8922,"date":"2023-05-01T14:32:54","date_gmt":"2023-05-01T19:32:54","guid":{"rendered":"https:\/\/informebajio.com.mx\/?p=8922"},"modified":"2023-05-01T14:32:54","modified_gmt":"2023-05-01T19:32:54","slug":"se-presenta-la-banda-arenal-en-las-fiestas-patronales-de-las-jicamas-acambaro","status":"publish","type":"post","link":"https:\/\/informebajio.com.mx\/?p=8922","title":{"rendered":"Se presenta La Banda Arenal en las fiestas patronales de Las J\u00edcamas, Ac\u00e1mbaro"},"content":{"rendered":"<div id=\"content-body-5851641-9993903\">\n<p>AC\u00c1MBARO, Gto.- (OEM-Informex).- En el marco de las tradicionales fiestas en honor a la Santa Cruz de la Comunidad de Las J\u00edcamas, la Banda Arenal de Par\u00e1cuaro puso a bailar a cientos de personas. <\/p>\n<p>Las fiestas patronales de esta comunidad re\u00fanen a cientos de personas del Municipio y diferentes lugares del Estado, ya que durante el novenario se realizan celebraciones eucar\u00edsticas, peregrinaciones, pero principalmente la procesi\u00f3n de la Santa Cruz por las principales calles de la comunidad. <\/p>\n<p>Dentro de las actividades de esta fiesta patronal, se realizaron las ma\u00f1anitas, alborada por las calles del pueblo y la celebraci\u00f3n eucar\u00edstica. <\/p>\n<p>Para amenizar esta importante fiesta se presentaron diferentes grupos musicales, entre ellos, la Banda Arenal el cual se ha vuelto un referente en la regi\u00f3n y a nivel nacional por su m\u00fasica donde se destacan algunos de sus temas como \u201cMe Enamor\u00e9 de Un \u00c1ngel\u201d, &#8220;Frente a Frente&#8221;, &#8220;Mi Mundo Eres T\u00fa&#8221;, &#8220;Pero t\u00fa no est\u00e1s&#8221;, &#8220;Descl\u00e1vate&#8221;, &#8220;Soy De Guanajuato&#8221; entre otras.<\/p>\n<p>La Banda Arenal originaria de Par\u00e1cuaro, Guanajuato ofreci\u00f3 un gran espect\u00e1culo musical durante la noche del viernes donde cada uno de los integrantes de esta agrupaci\u00f3n estuvieron bailando al ritmo de la m\u00fasica y realizando diferentes rutinas el cual contagiaron de alegr\u00eda al p\u00fablico. <\/p>\n<p>Asimismo, durante el d\u00eda de este s\u00e1bado la Banda Arenal estuvo amenizando la fiesta donde la gente tuvo la oportunidad de pasar momentos agradables en familia.<\/p>\n<p>Durante este a\u00f1o, la Banda Arenal ha estado presente en diferentes fiestas patronales como la de Padre Jes\u00fas de Par\u00e1cuaro una de las m\u00e1s grandes del Municipio de Ac\u00e1mbaro, en Celaya, Comonfort, Guanajuato, La Valla San Juan del R\u00edo, entre otras, as\u00ed como en diferentes eventos culturales. <\/p>\n<p>En estas fiestas patronales se registr\u00f3 saldo blanco, esto gracias a la colaboraci\u00f3n de los habitantes de esta comunidad y sus autoridades que estuvieron organizando y vigilando que todo se realizar\u00e1 de la mejor manera. <\/p>\n<\/div>\n<p><script>(function(d, s, id) {\nvar js, fjs = d.getElementsByTagName(s)[0];\nif (d.getElementById(id)) return;\njs = d.createElement(s); js.id = id;\njs.src = 'https:\/\/connect.facebook.net\/es_LA\/sdk.js#xfbml=1&version=v3.2&appId=899106460676237&autoLogAppEvents=1';\nfjs.parentNode.insertBefore(js, fjs);\n}(document, 'script', 'facebook-jssdk'));\n<\/script><\/p>\n","protected":false},"excerpt":{"rendered":"<p>AC\u00c1MBARO, Gto.- (OEM-Informex).- En el marco de las tradicionales fiestas en honor a la Santa Cruz de la Comunidad de Las J\u00edcamas, la Banda Arenal de Par\u00e1cuaro puso a bailar a cientos de personas. Las fiestas patronales de esta comunidad re\u00fanen a cientos de personas del Municipio y diferentes lugares del Estado, ya que durante [&hellip;]<\/p>\n","protected":false},"author":2,"featured_media":8923,"comment_status":"","ping_status":"","sticky":false,"template":"","format":"standard","meta":{"_monsterinsights_skip_tracking":false,"_monsterinsights_sitenote_active":false,"_monsterinsights_sitenote_note":"","_monsterinsights_sitenote_category":0,"footnotes":""},"categories":[8],"tags":[],"class_list":["post-8922","post","type-post","status-publish","format-standard","has-post-thumbnail","hentry","category-guanajuato"],"_links":{"self":[{"href":"https:\/\/informebajio.com.mx\/index.php?rest_route=\/wp\/v2\/posts\/8922","targetHints":{"allow":["GET"]}}],"collection":[{"href":"https:\/\/informebajio.com.mx\/index.php?rest_route=\/wp\/v2\/posts"}],"about":[{"href":"https:\/\/informebajio.com.mx\/index.php?rest_route=\/wp\/v2\/types\/post"}],"author":[{"embeddable":true,"href":"https:\/\/informebajio.com.mx\/index.php?rest_route=\/wp\/v2\/users\/2"}],"replies":[{"embeddable":true,"href":"https:\/\/informebajio.com.mx\/index.php?rest_route=%2Fwp%2Fv2%2Fcomments&post=8922"}],"version-history":[{"count":0,"href":"https:\/\/informebajio.com.mx\/index.php?rest_route=\/wp\/v2\/posts\/8922\/revisions"}],"wp:featuredmedia":[{"embeddable":true,"href":"https:\/\/informebajio.com.mx\/index.php?rest_route=\/wp\/v2\/media\/8923"}],"wp:attachment":[{"href":"https:\/\/informebajio.com.mx\/index.php?rest_route=%2Fwp%2Fv2%2Fmedia&parent=8922"}],"wp:term":[{"taxonomy":"category","embeddable":true,"href":"https:\/\/informebajio.com.mx\/index.php?rest_route=%2Fwp%2Fv2%2Fcategories&post=8922"},{"taxonomy":"post_tag","embeddable":true,"href":"https:\/\/informebajio.com.mx\/index.php?rest_route=%2Fwp%2Fv2%2Ftags&post=8922"}],"curies":[{"name":"wp","href":"https:\/\/api.w.org\/{rel}","templated":true}]}}