{"id":8924,"date":"2023-05-01T15:18:12","date_gmt":"2023-05-01T20:18:12","guid":{"rendered":"https:\/\/informebajio.com.mx\/?p=8924"},"modified":"2023-05-01T15:18:12","modified_gmt":"2023-05-01T20:18:12","slug":"aplican-mas-de-620-mil-dosis-contra-influenza","status":"publish","type":"post","link":"https:\/\/informebajio.com.mx\/?p=8924","title":{"rendered":"Aplican m\u00e1s\u00a0de 620 mil dosis contra\u00a0influenza"},"content":{"rendered":"<div id=\"content-body-5851641-9993703\">\n<p>La<b> Secretar\u00eda de Salud (SESA) inform\u00f3 que en el <a rel=\"Follow noopener\" target=\"_self\" href=\"https:\/\/www.elsoldesanjuandelrio.com.mx\/local\/vigilan-propagacion-de-meningitis-9668374.html\">estado de Quer\u00e9taro<\/a> se han aplicado 620 mil 910 dosis de la vacuna<\/b> contra la influenza, lo que significa un avance de 97.89 por ciento de la meta estatal programada de 634 mil 242 dosis.<\/p>\n<p>Reportaron que, en lo que va de la temporada de <b>influenza estacional 2022-2023 <\/b>(semana epidemiol\u00f3gica 40-2022 a la semana 17-2023) se han reportado nueve mil 566 casos positivos a influenza a nivel nacional y se han registrado 293 defunciones a nivel nacional.<\/p>\n<p> En el estado de Quer\u00e9taro se han registrado durante este <b>per\u00edodo mil 177 casos positivos.<\/b> Se trata de 685 mujeres y 492 hombres, distribuidos en un rango de <b>20 d\u00edas a 94 a\u00f1os. <\/b>De estos, diez con domicilio en Amealco de Bonfil, dos en Arroyo Seco, 58 en Cadereyta de Montes, 17 en Col\u00f3n, 56 en Corregidora, 32 en El Marqu\u00e9s, 23 en Ezequiel Montes, cinco en Huimilpan, 28 en Jalpan de Serra, diez en Pedro Escobedo, tres en Pe\u00f1amiller, 884 en Quer\u00e9taro, tres en San Joaqu\u00edn, 26 en San Juan del R\u00edo, doce en Tequisquiapan y ocho en Tolim\u00e1n. <\/p>\n<p>Se han registrado <b>14 defunciones, cuatro hombres, de 16, 36, 50 y 87 a\u00f1os<\/b>, de la capital del estado; un ni\u00f1o de siete meses y una mujer de 74 a\u00f1os de Cadereyta de Montes; dos hombres de 82 y uno de 55 a\u00f1os de Corregidora; una mujer de 66 a\u00f1os de Amealco de Bonfil; una mujer de 72 y un hombre de 74 a\u00f1os de San Juan del R\u00edo; una mujer de 68 a\u00f1os de Tequisquiapan, y una mujer de 60 a\u00f1os de Tolim\u00e1n.<\/p>\n<p><b>La vacuna se aplica a la poblaci\u00f3n en general a partir de los seis meses de edad <\/b>en los centros de salud y en unidades m\u00e9dicas familiares del Instituto Mexicano del Seguro Social (IMSS) y del Instituto de Seguridad y Servicios Sociales de los Trabajadores del Estado (ISSSTE).<\/p>\n<p><b id=\"docs-internal-guid-b1a9bc6e-7fff-6d4e-dc63-ee49ad1ff66e\"><b>\u27a1\ufe0f <\/b><a href=\"https:\/\/oem.us16.list-manage.com\/subscribe?u=c04a811ee61dc85305bf7133b&amp;id=f1b85ee5bb\"><b><u>Suscr\u00edbete a nuestro Newsletter y recibe las notas m\u00e1s relevantes en tu correo<\/u><\/b><\/a><\/b><\/p>\n<p>Destacaron que, para prevenir la influenza, as\u00ed como otras<b> enfermedades respiratorias<\/b>, es importante que la poblaci\u00f3n se lave las manos de forma frecuente con agua y jab\u00f3n, o bien, utilizar gel con base de alcohol; y al toser o estornudar, cubrirse nariz y boca con un pa\u00f1uelo desechable o con el \u00e1ngulo interno del brazo.<\/p>\n<\/div>\n<p><script>(function(d, s, id) {\nvar js, fjs = d.getElementsByTagName(s)[0];\nif (d.getElementById(id)) return;\njs = d.createElement(s); js.id = id;\njs.src = 'https:\/\/connect.facebook.net\/es_LA\/sdk.js#xfbml=1&version=v3.2&appId=232029482016746&autoLogAppEvents=1';\nfjs.parentNode.insertBefore(js, fjs);\n}(document, 'script', 'facebook-jssdk'));\n<\/script><\/p>\n","protected":false},"excerpt":{"rendered":"<p>La Secretar\u00eda de Salud (SESA) inform\u00f3 que en el estado de Quer\u00e9taro se han aplicado 620 mil 910 dosis de la vacuna contra la influenza, lo que significa un avance de 97.89 por ciento de la meta estatal programada de 634 mil 242 dosis. Reportaron que, en lo que va de la temporada de influenza [&hellip;]<\/p>\n","protected":false},"author":2,"featured_media":8925,"comment_status":"","ping_status":"","sticky":false,"template":"","format":"standard","meta":{"_monsterinsights_skip_tracking":false,"_monsterinsights_sitenote_active":false,"_monsterinsights_sitenote_note":"","_monsterinsights_sitenote_category":0,"footnotes":""},"categories":[6],"tags":[],"class_list":["post-8924","post","type-post","status-publish","format-standard","has-post-thumbnail","hentry","category-san-juan-del-rio"],"_links":{"self":[{"href":"https:\/\/informebajio.com.mx\/index.php?rest_route=\/wp\/v2\/posts\/8924","targetHints":{"allow":["GET"]}}],"collection":[{"href":"https:\/\/informebajio.com.mx\/index.php?rest_route=\/wp\/v2\/posts"}],"about":[{"href":"https:\/\/informebajio.com.mx\/index.php?rest_route=\/wp\/v2\/types\/post"}],"author":[{"embeddable":true,"href":"https:\/\/informebajio.com.mx\/index.php?rest_route=\/wp\/v2\/users\/2"}],"replies":[{"embeddable":true,"href":"https:\/\/informebajio.com.mx\/index.php?rest_route=%2Fwp%2Fv2%2Fcomments&post=8924"}],"version-history":[{"count":0,"href":"https:\/\/informebajio.com.mx\/index.php?rest_route=\/wp\/v2\/posts\/8924\/revisions"}],"wp:featuredmedia":[{"embeddable":true,"href":"https:\/\/informebajio.com.mx\/index.php?rest_route=\/wp\/v2\/media\/8925"}],"wp:attachment":[{"href":"https:\/\/informebajio.com.mx\/index.php?rest_route=%2Fwp%2Fv2%2Fmedia&parent=8924"}],"wp:term":[{"taxonomy":"category","embeddable":true,"href":"https:\/\/informebajio.com.mx\/index.php?rest_route=%2Fwp%2Fv2%2Fcategories&post=8924"},{"taxonomy":"post_tag","embeddable":true,"href":"https:\/\/informebajio.com.mx\/index.php?rest_route=%2Fwp%2Fv2%2Ftags&post=8924"}],"curies":[{"name":"wp","href":"https:\/\/api.w.org\/{rel}","templated":true}]}}