{"id":8930,"date":"2023-05-01T21:05:23","date_gmt":"2023-05-02T02:05:23","guid":{"rendered":"https:\/\/informebajio.com.mx\/?p=8930"},"modified":"2023-05-01T21:05:23","modified_gmt":"2023-05-02T02:05:23","slug":"mexico-enfrentara-a-egipto-lituania-y-montenegro-en-mundial-de-basquetbol","status":"publish","type":"post","link":"https:\/\/informebajio.com.mx\/?p=8930","title":{"rendered":"M\u00e9xico enfrentar\u00e1 a Egipto, Lituania y Montenegro en Mundial de Basquetbol"},"content":{"rendered":"<div id=\"content_nitf\">\n<p>\u201cNos toc\u00f3 un grupo muy competitivo\u201d, expres\u00f3 el entrenador Omar Quintero, luego de que la selecci\u00f3n mexicana de basquetbol conoci\u00f3 a sus rivales para la Copa del Mundo, que se disputar\u00e1 por primera vez en tres pa\u00edses: Filipinas, Indonesia y Jap\u00f3n, del 25 de agosto al 10 de septiembre.<\/p>\n<p>M\u00e9xico qued\u00f3 ubicado en el Grupo D y se enfrentar\u00e1 a Egipto, Montenegro y Lituania.<\/p>\n<p>Los 12 Guerreros enfrentar\u00e1n al combinado montenegrino la misma fecha en que se inaugura la justa. Dos d\u00edas despu\u00e9s, el 27, se medir\u00e1n con el equipo lituano y cerrar\u00e1n la primera fase, el 29 de agosto, ante los egipcios.<\/p>\n<p>\u201cVamos a tener duelos muy fuertes, pero conf\u00edo en los muchachos en que haremos un buen trabajo\u201d, agreg\u00f3 el <em>coach<\/em> a trav\u00e9s de videoconferencia.<\/p>\n<p>Los tres enfrentamientos se efectuar\u00e1n en Manila, Filipinas, donde ayer se hizo el sorteo con los 32 pa\u00edses participantes.<\/p>\n<p>Las dos selecciones europeas ser\u00e1n las pruebas m\u00e1s complicadas que encarar\u00e1 el Tricolor.<\/p>\n<p>Lituania posee el octavo lugar del ranking mundial y cuenta con dos estrellas NBA: Domantas Sabonis (Kings de Sacramento) y Jonas Valan\u010di\u016bnas (Pel\u00edcanos de Nuevo Orl\u00e9ans).<\/p>\n<p>Montenegro, en tanto, se coloca en la posici\u00f3n 18 y su referente es Nikola Vu\u010devi\u0107 de los Toros de Chicago. Egipto, que disputar\u00e1 la segunda Copa del Mundo de su historia, ocupa el lugar 55.<\/p>\n<p>M\u00e9xico se clasific\u00f3 a su sexta edici\u00f3n, la segunda en 50 a\u00f1os, luego de quedar por detr\u00e1s de Estados Unidos y Puerto Rico en los clasificatorios de las Am\u00e9ricas.<\/p>\n<p>Los 12 Guerreros, con Paco Cruz como referente, buscar\u00e1n superar la mejor participaci\u00f3n hist\u00f3rica de un equipo mexicano, que se remonta a 1967, cuando finalizaron en el sexto pelda\u00f1o.<\/p>\n<p>Estados Unidos, el conjunto m\u00e1s laureado en este torneo (5), se enfrentar\u00e1 a Jordania, Grecia y Nueva Zelanda, en tanto, Espa\u00f1a, el vigente campe\u00f3n, lo har\u00e1 ante Ir\u00e1n, Costa de Marfil y Brasil.<\/p>\n<\/div>\n<p><script>\n      !function(f,b,e,v,n,t,s)\n      {if(f.fbq)return;n=f.fbq=function(){n.callMethod?\n      n.callMethod.apply(n,arguments):n.queue.push(arguments)};\n      if(!f._fbq)f._fbq=n;n.push=n;n.loaded=!0;n.version='2.0';\n      n.queue=[];t=b.createElement(e);t.async=!0;\n      t.src=v;s=b.getElementsByTagName(e)[0];\n      s.parentNode.insertBefore(t,s)}(window, document,'script',\n      'https:\/\/connect.facebook.net\/en_US\/fbevents.js');\n      fbq('init', '133913093805922');\n      fbq('track', 'PageView');\n      fbq('track', 'Contact');\n      fbq('track', 'Donate');\n      fbq('track', 'FindLocation');\n      fbq('track', 'Lead');\n      fbq('track', 'Search');\n      fbq('track', 'Subscribe', {value: '0.00', currency: 'MXN', predicted_ltv: '0.00'});\n      fbq('track', 'ViewContent');\n    <\/script><script type=\"text\/javascript\">(function(d, s, id) {\n\t  var js, fjs = d.getElementsByTagName(s)[0];\n\t  if (d.getElementById(id)) return;\n\t  js = d.createElement(s); js.id = id;\n\t  js.src = \"\/\/connect.facebook.net\/es_LA\/sdk.js#xfbml=1&amp;version=v3.3&amp;appId=774389309362880\";\n\t  fjs.parentNode.insertBefore(js, fjs);\n\t}(document, 'script', 'facebook-jssdk'));<\/script><\/p>\n","protected":false},"excerpt":{"rendered":"<p>\u201cNos toc\u00f3 un grupo muy competitivo\u201d, expres\u00f3 el entrenador Omar Quintero, luego de que la selecci\u00f3n mexicana de basquetbol conoci\u00f3 a sus rivales para la Copa del Mundo, que se disputar\u00e1 por primera vez en tres pa\u00edses: Filipinas, Indonesia y Jap\u00f3n, del 25 de agosto al 10 de septiembre. M\u00e9xico qued\u00f3 ubicado en el Grupo [&hellip;]<\/p>\n","protected":false},"author":2,"featured_media":8931,"comment_status":"","ping_status":"","sticky":false,"template":"","format":"standard","meta":{"_monsterinsights_skip_tracking":false,"_monsterinsights_sitenote_active":false,"_monsterinsights_sitenote_note":"","_monsterinsights_sitenote_category":0,"footnotes":""},"categories":[9],"tags":[],"class_list":["post-8930","post","type-post","status-publish","format-standard","has-post-thumbnail","hentry","category-deportes"],"_links":{"self":[{"href":"https:\/\/informebajio.com.mx\/index.php?rest_route=\/wp\/v2\/posts\/8930","targetHints":{"allow":["GET"]}}],"collection":[{"href":"https:\/\/informebajio.com.mx\/index.php?rest_route=\/wp\/v2\/posts"}],"about":[{"href":"https:\/\/informebajio.com.mx\/index.php?rest_route=\/wp\/v2\/types\/post"}],"author":[{"embeddable":true,"href":"https:\/\/informebajio.com.mx\/index.php?rest_route=\/wp\/v2\/users\/2"}],"replies":[{"embeddable":true,"href":"https:\/\/informebajio.com.mx\/index.php?rest_route=%2Fwp%2Fv2%2Fcomments&post=8930"}],"version-history":[{"count":0,"href":"https:\/\/informebajio.com.mx\/index.php?rest_route=\/wp\/v2\/posts\/8930\/revisions"}],"wp:featuredmedia":[{"embeddable":true,"href":"https:\/\/informebajio.com.mx\/index.php?rest_route=\/wp\/v2\/media\/8931"}],"wp:attachment":[{"href":"https:\/\/informebajio.com.mx\/index.php?rest_route=%2Fwp%2Fv2%2Fmedia&parent=8930"}],"wp:term":[{"taxonomy":"category","embeddable":true,"href":"https:\/\/informebajio.com.mx\/index.php?rest_route=%2Fwp%2Fv2%2Fcategories&post=8930"},{"taxonomy":"post_tag","embeddable":true,"href":"https:\/\/informebajio.com.mx\/index.php?rest_route=%2Fwp%2Fv2%2Ftags&post=8930"}],"curies":[{"name":"wp","href":"https:\/\/api.w.org\/{rel}","templated":true}]}}