{"id":8940,"date":"2023-05-01T21:44:38","date_gmt":"2023-05-02T02:44:38","guid":{"rendered":"https:\/\/informebajio.com.mx\/?p=8940"},"modified":"2023-05-01T21:44:38","modified_gmt":"2023-05-02T02:44:38","slug":"se-regularizaran-160-colonias-dijo-cabrera","status":"publish","type":"post","link":"https:\/\/informebajio.com.mx\/?p=8940","title":{"rendered":"Se regularizar\u00e1n 160 colonias dijo Cabrera"},"content":{"rendered":"<div id=\"content-body-5851641-9989872\">\n<p>En el municipio a\u00fan se adeudan por regularizar alrededor de <b>160 colonias, afirm\u00f3 el presidente municipal, Roberto Carlos Cabrera Valencia<\/b>, al precisar que por el momento 40, ya avanzan en el <b><a href=\"https:\/\/www.elsoldesanjuandelrio.com.mx\/local\/regularizaran-tres-asentamientos-frailes-aquiles-serdan-y-jose-maria-morelos-noticias-de-san-juan-6084506.html\" target=\"_self\" rel=\"Follow noopener\">tr\u00e1mite ante las instancias <\/a><\/b>de los diferentes \u00f3rdenes de gobierno.<\/p>\n<p>Lo anterior, luego de que en d\u00edas pasados el mandatario sostuviera una firma de convenio de colaboraci\u00f3n con el <b>Instituto Nacional del Suelo Sustentable (Insus) <\/b>con la finalidad, de seguir trabajando de la mano en cuanto a la regularizaci\u00f3n de asentamientos en esta demarcaci\u00f3n para que, a su vez, se pueda traducir en garantizar certeza jur\u00eddica a las familias.<\/p>\n<p>Consider\u00f3 que muchas de las ocasiones la ciudadan\u00eda sanjuanense no puede dar el paso de hacer trabajos de construcci\u00f3n o bien heredar a sus hijos un pedazo de suelo por no tener las escrituras, y que a trav\u00e9s de la Secretar\u00eda de <b>Desarrollo Sustentable Municipal (Sedesum) tambi\u00e9n se han impulsado esquemas para estar en el marco de la legalidad.<\/b><\/p>\n<p><i>&#8220;Gracias al delegado del Insus porque nos dan la oportunidad de lo que dec\u00eda el gobernador cuando nos visit\u00f3 aqu\u00ed en San Juan del R\u00edo, hacer posible que esto suceda y que los tres \u00f3rdenes de gobierno estemos muy de la mano a ritmos acelerados para estos tr\u00e1mites&#8221;.<\/i><\/p>\n<p>Se\u00f1al\u00f3 que en San Juan del R\u00edo hay asentamientos en zonas aleda\u00f1as como <b>Loma Linda y Los Girasoles<\/b>, en donde ten\u00edan m\u00e1s de 10 a\u00f1os de haber llegado los ciudadanos, sin embargo, carec\u00edan de sus escrituras, para lo que ellos consideraran prudente.<\/p>\n<p>El mandatario dijo que para que las personas puedan estar m\u00e1s enteradas sobre los procedimientos y requisitos de regularizaci\u00f3n, es indispensable que se acerquen a la <b>Sedesum<\/b> y con ello darle seguimiento a cada uno de los casos, ya que, esta \u00e1rea cuenta con personal espec\u00edfico para dar soluci\u00f3n a la cuesti\u00f3n de regularizaci\u00f3n.<\/p>\n<p><b id=\"docs-internal-guid-0d739248-7fff-61ad-c884-8bf76ff1b321\"><b>\u27a1\ufe0f <\/b><a href=\"https:\/\/oem.us16.list-manage.com\/subscribe?u=c04a811ee61dc85305bf7133b&amp;id=f1b85ee5bb\"><b><u>Suscr\u00edbete a nuestro Newsletter y recibe las notas m\u00e1s relevantes en tu correo<\/u><\/b><\/a><\/b><\/p>\n<p><i>\u201cEstaos trabajando en eliminar la burocracia desde todos los niveles, ahora si la gente est\u00e1 viendo el eco que se genera con sus peticiones, a veces las personas ve\u00edan pasar hasta dos o tres d\u00e9cadas para poder lograr un objetivo, nosotros somos resolutivos\u201d.<\/i><\/p>\n<\/div>\n<p><script>(function(d, s, id) {\nvar js, fjs = d.getElementsByTagName(s)[0];\nif (d.getElementById(id)) return;\njs = d.createElement(s); js.id = id;\njs.src = 'https:\/\/connect.facebook.net\/es_LA\/sdk.js#xfbml=1&version=v3.2&appId=232029482016746&autoLogAppEvents=1';\nfjs.parentNode.insertBefore(js, fjs);\n}(document, 'script', 'facebook-jssdk'));\n<\/script><\/p>\n","protected":false},"excerpt":{"rendered":"<p>En el municipio a\u00fan se adeudan por regularizar alrededor de 160 colonias, afirm\u00f3 el presidente municipal, Roberto Carlos Cabrera Valencia, al precisar que por el momento 40, ya avanzan en el tr\u00e1mite ante las instancias de los diferentes \u00f3rdenes de gobierno. Lo anterior, luego de que en d\u00edas pasados el mandatario sostuviera una firma de [&hellip;]<\/p>\n","protected":false},"author":2,"featured_media":8941,"comment_status":"","ping_status":"","sticky":false,"template":"","format":"standard","meta":{"_monsterinsights_skip_tracking":false,"_monsterinsights_sitenote_active":false,"_monsterinsights_sitenote_note":"","_monsterinsights_sitenote_category":0,"footnotes":""},"categories":[6],"tags":[],"class_list":["post-8940","post","type-post","status-publish","format-standard","has-post-thumbnail","hentry","category-san-juan-del-rio"],"_links":{"self":[{"href":"https:\/\/informebajio.com.mx\/index.php?rest_route=\/wp\/v2\/posts\/8940","targetHints":{"allow":["GET"]}}],"collection":[{"href":"https:\/\/informebajio.com.mx\/index.php?rest_route=\/wp\/v2\/posts"}],"about":[{"href":"https:\/\/informebajio.com.mx\/index.php?rest_route=\/wp\/v2\/types\/post"}],"author":[{"embeddable":true,"href":"https:\/\/informebajio.com.mx\/index.php?rest_route=\/wp\/v2\/users\/2"}],"replies":[{"embeddable":true,"href":"https:\/\/informebajio.com.mx\/index.php?rest_route=%2Fwp%2Fv2%2Fcomments&post=8940"}],"version-history":[{"count":0,"href":"https:\/\/informebajio.com.mx\/index.php?rest_route=\/wp\/v2\/posts\/8940\/revisions"}],"wp:featuredmedia":[{"embeddable":true,"href":"https:\/\/informebajio.com.mx\/index.php?rest_route=\/wp\/v2\/media\/8941"}],"wp:attachment":[{"href":"https:\/\/informebajio.com.mx\/index.php?rest_route=%2Fwp%2Fv2%2Fmedia&parent=8940"}],"wp:term":[{"taxonomy":"category","embeddable":true,"href":"https:\/\/informebajio.com.mx\/index.php?rest_route=%2Fwp%2Fv2%2Fcategories&post=8940"},{"taxonomy":"post_tag","embeddable":true,"href":"https:\/\/informebajio.com.mx\/index.php?rest_route=%2Fwp%2Fv2%2Ftags&post=8940"}],"curies":[{"name":"wp","href":"https:\/\/api.w.org\/{rel}","templated":true}]}}