{"id":8942,"date":"2023-05-01T22:38:21","date_gmt":"2023-05-02T03:38:21","guid":{"rendered":"https:\/\/informebajio.com.mx\/?p=8942"},"modified":"2023-05-01T22:38:21","modified_gmt":"2023-05-02T03:38:21","slug":"reducen-trabajo-infantil-un-50","status":"publish","type":"post","link":"https:\/\/informebajio.com.mx\/?p=8942","title":{"rendered":"Reducen trabajo infantil un 50%"},"content":{"rendered":"<div id=\"content-body-5851641-9993169\">\n<p>CELAYA, Gto.- (OEM-Informex).- De acuerdo al diagn\u00f3stico realizado por la Coordinaci\u00f3n de <b>Acciones a Favor de la Infancia<\/b> (CAFI), del Sistema Municipal DIF, del primer trimestre del a\u00f1o 2023, la cantidad de ni\u00f1as, ni\u00f1os y <b>adolescentes trabajadores<\/b> o en situaci\u00f3n de calle es de 42.<\/p>\n<p>A un a\u00f1o del lanzamiento de la campa\u00f1a <b>\u201cPor una infancia feliz\u201d<\/b>, se ha logrado disminuir casi al 50% el trabajo infantil, comparado con 79 ni\u00f1as, ni\u00f1os y adolescentes que se encontraban <b>realizando actividad laboral <\/b>en calle en marzo de 2022.<\/p>\n<p>CAFI inform\u00f3 que las ni\u00f1as, ni\u00f1os y adolescentes que <b>fueron retirados del trabajo infantil,<\/b> se integraron al programa \u201cPrevenci\u00f3n y atenci\u00f3n al trabajo infantil\u201d, en el que s<b>e han beneficiado a ellos<\/b> y a su familia con apoyo psicol\u00f3gico, asistencia social, actividades deportivas, <b>formativas y recreativas.<\/b><\/p>\n<p>Tambi\u00e9n se les ha ofrecido apoyo y <b>seguimiento acad\u00e9mico<\/b>, capacitaci\u00f3n en talleres productivos, como carpinter\u00eda y panader\u00eda; adem\u00e1s del <b>apoyo de beca econ\u00f3mica<\/b> y en especie, como despensas.<\/p>\n<p>La Coordinaci\u00f3n de <b>Acciones a Favor de la Infancia <\/b>dio a conocer que a la fecha se suma un total de 225 ni\u00f1as, ni\u00f1os y adolescentes beneficiados.<\/p>\n<p>De acuerdo a los datos obtenidos de CAFI, <b>a un a\u00f1o de la campa\u00f1a<\/b>, la actividad laboral que predomina es la \u201cacompa\u00f1ante\u201d, es decir, ni\u00f1as, ni\u00f1os y adolescentes que se han observado <b>acompa\u00f1ando a adultos en calle<\/b> cuando \u00e9stos se encuentran realizando alguna <b>actividad laboral en cruceros<\/b> en este municipio, incluyendo en el centro hist\u00f3rico.<\/p>\n<p>La mayor\u00eda de las familias de las ni\u00f1as, ni\u00f1os y adolescentes que <b>se han observado en calle,<\/b> son provenientes de las comunidades de Don Francisco, Pe\u00f1a Blanca, localidades pertenecientes al municipio vecino de San Miguel de Allende.<\/p>\n<p>Tambi\u00e9n han sido registrados <b>provenientes de San Mart\u00edn de Terreros<\/b>, localidad de Dolores Hidalgo; as\u00ed como de la comunidad Presa Blanca, localidad de Celaya, obteniendo <b>un total de 22 ni\u00f1as, ni\u00f1os y adolescentes.<\/b><\/p>\n<p>Dio a conocer que tambi\u00e9n <b>13 son originarios de Chiapas,<\/b> y siete de Celaya, lo que representa una cantidad menor.<\/p>\n<p>Se regresaron a su lugar de <b>origen tres familias, <\/b>una de Chiapas, una de Pe\u00f1a Blanca y una m\u00e1s de Don Francisco.<\/p>\n<p><b>INFORME<\/b><\/p>\n<p>Cabe se\u00f1alar que, apenas el 12 de abril, <b>la presidenta del Patronato <\/b>del Sistema para el Desarrollo Integral de la Familia (DIF) Celaya, Rosa Mar\u00eda Su\u00e1rez de Mendoza, brind\u00f3 el primer informe de resultados del programa <b>\u201cPor una Infancia Feliz\u201d<\/b>, en donde se\u00f1al\u00f3 que a un a\u00f1o de su implementaci\u00f3n <b>ha logrado reducir casi un 50 por ciento<\/b> el trabajo infantil en el municipio, con la colaboraci\u00f3n de las dependencias que conforman la Administraci\u00f3n Municipal, en especial de la Secretar\u00eda de Seguridad Ciudadana.<\/p>\n<p>En la presentaci\u00f3n de resultados, <b>la se\u00f1ora Rosita Su\u00e1rez<\/b> inform\u00f3 que gracias al trabajo coordinado y transversal con todas las <b>direcciones operativas<\/b> de la administraci\u00f3n municipal se lograron dichos resultados.<\/p>\n<p>\u201cComo todos sabemos, las ni\u00f1as, ni\u00f1os y adolescentes que <b>se encuentran en calle<\/b>, desempe\u00f1ando alguna actividad laboral, corren riesgos psicol\u00f3gicos, f\u00edsicos y hasta emocionales, <b>siendo obligaci\u00f3n<\/b> de todos nosotros asegurarnos que estos peque\u00f1os se encuentren donde deben estar, <b>con sus familias y en sus aulas,<\/b> en clases, siendo unos ni\u00f1os felices\u201d, explic\u00f3.<\/p>\n<p>Contextualiz\u00f3 que en marzo de 2022 <b>se detectaron un total de 79 menores<\/b> de edad laborando en calle y para marzo de este a\u00f1o se logr\u00f3 reducir la cifra a 42 ni\u00f1os, lo que revela que <b>la campa\u00f1a ha sido exitosa<\/b>; pero reconoci\u00f3 que no pueden conformarse con ello, y consider\u00f3 que tienen la obligaci\u00f3n de ir por m\u00e1s casos de \u00e9xito.<\/p>\n<p>En su momento, el titular de la <b>Secretar\u00eda de Seguridad Ciudadana<\/b>, Jes\u00fas Rivera Peralta, expuso que durante el a\u00f1o se redujo un 27 por ciento el n\u00famero de llamadas por <b>violencia dom\u00e9stica <\/b>y un 15 por ciento las llamadas por maltrato infantil, as\u00ed como el rescate de 27 menores en situaci\u00f3n de riesgo, gracias a la <b>implementaci\u00f3n del programa.<\/b><\/p>\n<p>Tambi\u00e9n fue presentada lo que ser\u00e1 la <b>Unidad de Ayuda y Protecci\u00f3n al Menor<\/b>, una patrulla especializada que ser\u00e1 tripulada por elementos de la Unidad de G\u00e9nero, para <b>fortalecer el programa<\/b> \u201cPor una Infancia Feliz\u201d.<\/p>\n<\/div>\n<p><script>(function(d, s, id) {\nvar js, fjs = d.getElementsByTagName(s)[0];\nif (d.getElementById(id)) return;\njs = d.createElement(s); js.id = id;\njs.src = 'https:\/\/connect.facebook.net\/es_LA\/sdk.js#xfbml=1&version=v3.2&appId=899106460676237&autoLogAppEvents=1';\nfjs.parentNode.insertBefore(js, fjs);\n}(document, 'script', 'facebook-jssdk'));\n<\/script><\/p>\n","protected":false},"excerpt":{"rendered":"<p>CELAYA, Gto.- (OEM-Informex).- De acuerdo al diagn\u00f3stico realizado por la Coordinaci\u00f3n de Acciones a Favor de la Infancia (CAFI), del Sistema Municipal DIF, del primer trimestre del a\u00f1o 2023, la cantidad de ni\u00f1as, ni\u00f1os y adolescentes trabajadores o en situaci\u00f3n de calle es de 42. A un a\u00f1o del lanzamiento de la campa\u00f1a \u201cPor una [&hellip;]<\/p>\n","protected":false},"author":2,"featured_media":8943,"comment_status":"","ping_status":"","sticky":false,"template":"","format":"standard","meta":{"_monsterinsights_skip_tracking":false,"_monsterinsights_sitenote_active":false,"_monsterinsights_sitenote_note":"","_monsterinsights_sitenote_category":0,"footnotes":""},"categories":[8],"tags":[],"class_list":["post-8942","post","type-post","status-publish","format-standard","has-post-thumbnail","hentry","category-guanajuato"],"_links":{"self":[{"href":"https:\/\/informebajio.com.mx\/index.php?rest_route=\/wp\/v2\/posts\/8942","targetHints":{"allow":["GET"]}}],"collection":[{"href":"https:\/\/informebajio.com.mx\/index.php?rest_route=\/wp\/v2\/posts"}],"about":[{"href":"https:\/\/informebajio.com.mx\/index.php?rest_route=\/wp\/v2\/types\/post"}],"author":[{"embeddable":true,"href":"https:\/\/informebajio.com.mx\/index.php?rest_route=\/wp\/v2\/users\/2"}],"replies":[{"embeddable":true,"href":"https:\/\/informebajio.com.mx\/index.php?rest_route=%2Fwp%2Fv2%2Fcomments&post=8942"}],"version-history":[{"count":0,"href":"https:\/\/informebajio.com.mx\/index.php?rest_route=\/wp\/v2\/posts\/8942\/revisions"}],"wp:featuredmedia":[{"embeddable":true,"href":"https:\/\/informebajio.com.mx\/index.php?rest_route=\/wp\/v2\/media\/8943"}],"wp:attachment":[{"href":"https:\/\/informebajio.com.mx\/index.php?rest_route=%2Fwp%2Fv2%2Fmedia&parent=8942"}],"wp:term":[{"taxonomy":"category","embeddable":true,"href":"https:\/\/informebajio.com.mx\/index.php?rest_route=%2Fwp%2Fv2%2Fcategories&post=8942"},{"taxonomy":"post_tag","embeddable":true,"href":"https:\/\/informebajio.com.mx\/index.php?rest_route=%2Fwp%2Fv2%2Ftags&post=8942"}],"curies":[{"name":"wp","href":"https:\/\/api.w.org\/{rel}","templated":true}]}}